{"id":24299,"date":"2023-06-05T12:19:00","date_gmt":"2023-06-05T10:19:00","guid":{"rendered":"https:\/\/christusnews.de\/site\/fachtag-soll-zusaetzliche-nutzungsmoeglichkeiten-fuer-kirchen-aufzeigen\/"},"modified":"2023-06-07T23:17:45","modified_gmt":"2023-06-07T21:17:45","slug":"fachtag-soll-zusaetzliche-nutzungsmoeglichkeiten-fuer-kirchen-aufzeigen","status":"publish","type":"post","link":"https:\/\/christusnews.de\/site\/fachtag-soll-zusaetzliche-nutzungsmoeglichkeiten-fuer-kirchen-aufzeigen\/","title":{"rendered":"Fachtag soll zus\u00e4tzliche Nutzungsm\u00f6glichkeiten f\u00fcr Kirchen aufzeigen"},"content":{"rendered":"<p class=\"MsoPlainText\">Hildesheim (epd). Unter dem Titel \u00abWir haben eine Kirche &#8211; haben Sie Ideen?\u00bb l\u00e4dt ein Fachtag am 17. Juni Interessierte ein, in Hildesheim \u00fcber erweiterte Nutzungsm\u00f6glichkeiten von Kirchgeb\u00e4uden im l\u00e4ndlichen Raum ins Gespr\u00e4ch zu kommen. Der kostenlose Fachtag wird vom Netzwerk Gemeinwesendiakonie und Quartiersentwicklung in Niedersachsen veranstaltet, wie das Haus kirchlicher Dienste (HkD) der Evangelisch-lutherischen Landeskirche Hannovers mitteilte. In Workshops gehe es unter anderem um Finanzierungsfragen, den Einbau von Kolumbarien oder Beteiligungsprozesse f\u00fcr in den Gemeinden lebende Menschen.<\/p>\n<p class=\"MsoPlainText\">&nbsp;<\/p>\n<p class=\"MsoPlainText\">\u00abKirchengemeinden sind im Umgang mit ihren Sakralgeb\u00e4uden stark herausgefordert\u00bb, sagte der Referent f\u00fcr Gemeinwesendiakonie, Peter Mei\u00dfner. \u00abAngesichts der Situation, dass h\u00e4ufig weder das Geld zum Unterhalt der Kirchen reicht, noch ausreichend Gottesdienstteilnehmende sie f\u00fcllen, brauchen die Gemeinden neue Ideen.\u00bb Bei der Veranstaltung werde ein Forschungsprojekt der Hildesheimer Hochschule f\u00fcr angewandte Wissenschaft und Kunst vorgestellt. Studierende hatten 20 s\u00fcdnieders\u00e4chsische Dorfkirchen untersucht und Beispiele zu deren Umnutzung erarbeitet. Dabei hatte die Hochschule die \u00f6rtliche Bev\u00f6lkerung mit einbezogen.<\/p>\n<p>Kirche-Oldenburg<br \/>\n<a href=\"https:\/\/www.kirche-oldenburg.de\/\/aktuell\/news-niedersachsen\/artikel\/fachtag-soll-zusaetzliche-nutzungsmoeglichkeiten-fuer-kirchen-aufzeigen\" target=\"_blank\" rel=\"noopener\">Fachtag soll zus\u00e4tzliche Nutzungsm\u00f6glichkeiten f\u00fcr Kirchen aufzeigen<\/a><\/p>\n","protected":false},"excerpt":{"rendered":"<p>Hildesheim (epd). Unter dem Titel \u00abWir haben eine Kirche &#8211; haben Sie Ideen?\u00bb l\u00e4dt ein Fachtag am 17. Juni Interessierte ein, in Hildesheim \u00fcber erweiterte Nutzungsm\u00f6glichkeiten von Kirchgeb\u00e4uden im l\u00e4ndlichen Raum ins Gespr\u00e4ch zu kommen. Der kostenlose Fachtag wird vom Netzwerk Gemeinwesendiakonie und Quartiersentwicklung in Niedersachsen veranstaltet, wie das Haus kirchlicher Dienste (HkD) der Evangelisch-lutherischen Landeskirche Hannovers mitteilte. In Workshops gehe es unter anderem um Finanzierungsfragen, den Einbau von Kolumbarien oder Beteiligungsprozesse f\u00fcr in den Gemeinden lebende Menschen. &nbsp; \u00abKirchengemeinden sind im Umgang mit ihren Sakralgeb\u00e4uden stark herausgefordert\u00bb, sagte der Referent f\u00fcr Gemeinwesendiakonie, Peter Mei\u00dfner. \u00abAngesichts der Situation, dass h\u00e4ufig&#8230;<\/p>\n","protected":false},"author":7,"featured_media":0,"comment_status":"false","ping_status":"open","sticky":false,"template":"","format":"standard","meta":{"footnotes":""},"categories":[43],"tags":[44],"class_list":["post-24299","post","type-post","status-publish","format-standard","hentry","category-kirche-oldenburg","tag-kirche-oldenburg"],"_links":{"self":[{"href":"https:\/\/christusnews.de\/site\/wp-json\/wp\/v2\/posts\/24299","targetHints":{"allow":["GET"]}}],"collection":[{"href":"https:\/\/christusnews.de\/site\/wp-json\/wp\/v2\/posts"}],"about":[{"href":"https:\/\/christusnews.de\/site\/wp-json\/wp\/v2\/types\/post"}],"author":[{"embeddable":true,"href":"https:\/\/christusnews.de\/site\/wp-json\/wp\/v2\/users\/7"}],"replies":[{"embeddable":true,"href":"https:\/\/christusnews.de\/site\/wp-json\/wp\/v2\/comments?post=24299"}],"version-history":[{"count":1,"href":"https:\/\/christusnews.de\/site\/wp-json\/wp\/v2\/posts\/24299\/revisions"}],"predecessor-version":[{"id":24300,"href":"https:\/\/christusnews.de\/site\/wp-json\/wp\/v2\/posts\/24299\/revisions\/24300"}],"wp:attachment":[{"href":"https:\/\/christusnews.de\/site\/wp-json\/wp\/v2\/media?parent=24299"}],"wp:term":[{"taxonomy":"category","embeddable":true,"href":"https:\/\/christusnews.de\/site\/wp-json\/wp\/v2\/categories?post=24299"},{"taxonomy":"post_tag","embeddable":true,"href":"https:\/\/christusnews.de\/site\/wp-json\/wp\/v2\/tags?post=24299"}],"curies":[{"name":"wp","href":"https:\/\/api.w.org\/{rel}","templated":true}]}}