{"id":24310,"date":"2023-06-06T00:46:00","date_gmt":"2023-06-05T22:46:00","guid":{"rendered":"https:\/\/christusnews.de\/site\/ev-kirchentag-in-nuernberg-auge-und-ohr-deutschlands\/"},"modified":"2023-06-08T11:18:23","modified_gmt":"2023-06-08T09:18:23","slug":"ev-kirchentag-in-nuernberg-auge-und-ohr-deutschlands","status":"publish","type":"post","link":"https:\/\/christusnews.de\/site\/ev-kirchentag-in-nuernberg-auge-und-ohr-deutschlands\/","title":{"rendered":"Ev. Kirchentag in N\u00fcrnberg: \u201eAuge und Ohr Deutschlands\u201c"},"content":{"rendered":"<p>Die Themen Ukraine-Krieg und Klimaschutz sind Schwerpunkte auf dem 38. Deutschen Evangelischen Kirchentag in N\u00fcrnberg. Die Gro\u00dfveranstaltung soll Hoffnung vermitteln. \u201eWir sind so eine Art Lagerfeuer\u201c, sagt Kirchentagspr\u00e4sident Thomas de Maizi\u00e8re.<\/p>\n<p>Auch die oldenburgische Kirche ist bei zahlreichen Angeboten in N\u00fcrnberg beteiligt. So am Donnerstagnachmittag bei einem Geistlichen Kommentar zum Thema Klima(un)gerechtigkeit in St. Martha oder bei der \u201e\u00d6kumenischen Klimakanzel\u201c am Donnerstagabend im \u00d6kumenischen Gemeindezentrum Thon und bei verschiedenen Bibelarbeiten und beim Offenen Singen. Am Freitag l\u00e4dt Bischof Thomas Adomeit die Kirchentags-G\u00e4ste aus Oldenburg und umzu auf einen Kl\u00f6nschnack bei Tee und Geb\u00e4ck in die Kirche St. Martha ein.<\/p>\n<p><strong>Rund 100.000 Teilnehmende werden erwartet<\/strong><br \/>\nDie rund tausendj\u00e4hrige Geschichte N\u00fcrnbergs ist gepr\u00e4gt von Kunst, Handwerk und Gelehrsamkeit. Martin Luther (1483-1546) bezeichnete die mittelfr\u00e4nkische Stadt einmal als \u201edas Auge und Ohr Deutschlands\u201c. Durch den neuen Buchdruck verbreiteten sich seine reformatorischen Ideen auch rasant in N\u00fcrnberg, bis heute ein guter Ort f\u00fcr Protestanten: In der Stadt an der Pegnitz findet vom 7. bis zum 11. Juni der 38. Deutsche Evangelische Kirchentag statt. Dazu werden rund 100.000 Teilnehmende erwartet.<\/p>\n<p>2.000 Einzelveranstaltungen an f\u00fcnf Tagen sollen die ganze Bandbreite von Kirche und Gesellschaft abdecken. Das Programm besteht laut Kirchentags-Generalsekret\u00e4rin Kristin Jahn aus drei Kraftzentren: Spiritualit\u00e4t, Gesellschaftspolitik und Kultur. Erstmals wurden im Programm sogenannte Wei\u00dfe und Graue Flecken festgelegt. So k\u00f6nnen aktuelle Ereignisse in das sonst monatelange im Voraus geplante Programm eingehen, so die Veranstalter.<\/p>\n<p><strong>\u201eJetzt ist die Zeit\u201c<\/strong><br \/>\nDie Losung lautet \u201eJetzt ist die Zeit\u201c, Worte aus dem Markusevangelium. \u201eMittlerweile sind wir alle einig, dass wir in besonderen Zeiten leben\u201c, erkl\u00e4rte Kirchentagspr\u00e4sident Thomas de Maizi\u00e8re, fr\u00fcherer CDU-Bundesinnen- und Bundesverteidigungsminister. Der Kirchentag wolle fragen, was das f\u00fcr Zeiten sind und inwiefern diese Zeiten besonders sind \u2013 vor allem mit Blick auf den Krieg, auf Frieden, auf Sch\u00f6pfung, auf Gerechtigkeit und Demokratie, sagte de Maizi\u00e8re j\u00fcngst dem Medienmagazin \u201ePro\u201c. Er w\u00fcnsche sich, dass die Menschen den Kirchentag als \u201eSchatz\u201c wahrnehmen, den es sonst nicht gibt. \u201eWir sind so eine Art Lagerfeuer\u201c, sagte de Maizi\u00e8re.<\/p>\n<p><strong>Umweltschutz ist Kernthema<\/strong><br \/>\nUmweltschutz soll Kernthema auf dem Kirchentag sein. Im Programm widmen sich mehr als 100 Veranstaltungen unterschiedlichsten Aspekten des Themas Bewahrung der Sch\u00f6pfung. Erwartet werden Vertreterinnen und Vertreter aus Klimaschutzbewegungen wie Luisa Neubauer oder Vanessa Nakate aus Uganda, Bundeswirtschaftsminister Robert Habeck (Gr\u00fcne) sowie die Polit\u00f6konomin Maja G\u00f6pel. Au\u00dfenministerin Annalena Baerbock (Gr\u00fcne) und Altbundespr\u00e4sident Joachim Gauck wollen am Samstag auf einem Podium sprechen.<\/p>\n<p>Das Protestantenfest steht vor einem Wandlungsprozess. Dieser Ansicht ist Kirchentags-Generalsekret\u00e4rin Jahn. Die Frage sei, ob der Kirchentag haupts\u00e4chlich ein Treffpunkt f\u00fcr Christinnen und Christen sein soll, oder ob man sich mehr f\u00fcr die Gesellschaft \u00f6ffnen wolle, sagte Jahn im M\u00e4rz. Immer wieder gibt es auch \u00dcberlegungen f\u00fcr einen vierten \u00d6kumenischen Kirchentag, nach dem ersten 2003 in Berlin, dem zweiten 2010 in M\u00fcnchen und dem dritten 2021 in Frankfurt am Main.<\/p>\n<p>In den n\u00e4chsten Jahren feiert man allerdings noch konfessionell getrennt, wenn sich auch die beiden Christentreffen Beobachtern zufolge zunehmend angleichen. Die n\u00e4chsten beiden Deutschen Katholikentage finden 2024 in Erfurt und 2026 in W\u00fcrzburg statt, die Evangelischen wollen sich 2025 in Hannover und 2027 in D\u00fcsseldorf wieder zum Kirchentag treffen.<\/p>\n<p><em>Ein Beitrag von epd-Redakteur Stephan Cezanne.<\/em><\/p>\n<p><strong>Oldenburgische Beteiligung auf dem Ev. Kirchentag in N\u00fcrnberg<\/strong><\/p>\n<p><strong>\u201eErmutigung\u201c<\/strong><br \/>\nGeistlicher Kommentar zum Thema Klima(un)gerechtigkeit<br \/>\nKirchenpr\u00e4sidentin Dr. Susanne Bei der Wieden, Evangelisch-reformierte Kirche, Leer, Schriftf\u00fchrer Dr. Bernd Kuschnerus, Bremische Evangelische Kirche, und Bischof Thomas Adomeit, Ev.-Luth. Kirche in Oldenburg<br \/>\nMusik: Pfarrer Christian L\u00fchder<br \/>\nZeit: <strong>Donnerstag, 8. Juni,<\/strong>&nbsp;17:00 \u2013 18:00 Uhr<br \/>\nOrt: St. Martha, K\u00f6nigstra\u00dfe 79<\/p>\n<p><strong>\u201e\u00d6kumenische Klimakanzel\u201c<\/strong><br \/>\nGebete in Krisenzeiten \u2013 Liturgie mit klaren Worten<br \/>\nMit Pr\u00f6pstin Dr. Christina-Maria Bammel (Ev. Kirche Berlin-Brandenbg.-schles. Oberlausitz), Bischof Thomas Adomeit, Elisabeth Ries (Referentin f\u00fcr Jugend, Familie und Soziales, Stadt N\u00fcrnberg), Georg Sauerwein (Christians for Future, M\u00fcnchen), Dr. Maiken Winter (Kirchen-Soli-Gruppe Last Generation, Raisting), Bruder Franziskus Aaron RGSM (Rogate-Kloster Sankt Michael, Berlin\/Wilhelmshaven).<br \/>\nMusik: Beate Besser, Landeskirchenmusikdirektorin<br \/>\nZeit: <strong>Donnerstag, 8. Juni<\/strong>&nbsp;| 20:00 Uhr<br \/>\nOrt: \u00d6kumenisches Gemeindezentrum Thon, Kirche St. Clemens, Cuxhavener Stra\u00dfe 60<\/p>\n<p><strong>Bibelarbeit<\/strong><br \/>\nDie Zeit wird kommen | Lukas 17,20\u201025<br \/>\nmit Bundesarbeitsminister Hubertus Heil und dem Projektchor Brake, Ltg.: Gebhard von Hirschhausen<br \/>\nZeit: <strong>Samstag, 10. Juni<\/strong>, von 9:30 \u201010:30 Uhr im gro\u00dfen Saal in der Meistersingerhalle, M\u00fcnchener Str. 21<\/p>\n<p><strong>Bibelarbeit<\/strong><br \/>\nWas jetzt am Tage ist | 1. Mose 50,15\u201021<br \/>\nBibelarbeit mit Playmobil<br \/>\nMichael Sommer, Literaturwissenschaftler und Theaterspieler, M\u00fcnchen<br \/>\nModeration: Pfarrer Christian L\u00fchder<br \/>\nMusik: Pfarrer Christian L\u00fchder<br \/>\nZeit: <strong>Freitag, 9. Juni<\/strong>, 9:30\u201010:30 Uhr<br \/>\nOrt: Wilh.\u2010L\u00f6he\u2010Schule, Aula, Deutschherrnstr. 10<\/p>\n<p><strong>Offenes Singen<\/strong><br \/>\nOffenes Singen mit dem Liederheft mit Beate Besser, Landeskirchenmusikdirektorin<br \/>\nZeit: <strong>Donnerstag, 8. Juni<\/strong>, 13:30 \u2010 14:30 Uhr<br \/>\nOrt: St. Jakob, Jakobsplatz 1<\/p>\n<p><strong>Offenes Singen<\/strong><br \/>\nOffenes Singen mit dem Liederheft mit Beate Besser, Landeskirchenmusikdirektorin<br \/>\nZeit: <strong>Freitag, 9. Juni,<\/strong>&nbsp;13:30 \u2010 14:30 Uhr<br \/>\nOrt: St. Jakob, Jakobsplatz 1<\/p>\n<p><strong>Ollnborger Kl\u00f6ntied<\/strong><br \/>\nBischof Thomas Adomeit l\u00e4dt die Kirchentags-G\u00e4ste aus Oldenburg und umzu auf einen Kl\u00f6nschnack bei Tee und Geb\u00e4ck ein.<br \/>\nZeit: <strong>Freitag, 9. Juni<\/strong>, 15:00 \u2013 17:00 Uhr&nbsp;<br \/>\nOrt: Kirche St. Martha, K\u00f6nigstra\u00dfe 79<br \/>\n&nbsp;<\/p>\n<p>Kirche-Oldenburg<br \/>\n<a href=\"https:\/\/www.kirche-oldenburg.de\/\/aktuell\/pressemitteilungen\/artikel\/ev-kirchentag-in-nuernberg-auge-und-ohr-deutschlands\" target=\"_blank\" rel=\"noopener\">Ev. Kirchentag in N\u00fcrnberg: \u201eAuge und Ohr Deutschlands\u201c<\/a><\/p>\n","protected":false},"excerpt":{"rendered":"<p>Die Themen Ukraine-Krieg und Klimaschutz sind Schwerpunkte auf dem 38. Deutschen Evangelischen Kirchentag in N\u00fcrnberg. Die Gro\u00dfveranstaltung soll Hoffnung vermitteln. \u201eWir sind so eine Art Lagerfeuer\u201c, sagt Kirchentagspr\u00e4sident Thomas de Maizi\u00e8re. Auch die oldenburgische Kirche ist bei zahlreichen Angeboten in N\u00fcrnberg beteiligt. So am Donnerstagnachmittag bei einem Geistlichen Kommentar zum Thema Klima(un)gerechtigkeit in St. Martha oder bei der \u201e\u00d6kumenischen Klimakanzel\u201c am Donnerstagabend im \u00d6kumenischen Gemeindezentrum Thon und bei verschiedenen Bibelarbeiten und beim Offenen Singen. Am Freitag l\u00e4dt Bischof Thomas Adomeit die Kirchentags-G\u00e4ste aus Oldenburg und umzu auf einen Kl\u00f6nschnack bei Tee und Geb\u00e4ck in die Kirche St. Martha ein. Rund&#8230;<\/p>\n","protected":false},"author":7,"featured_media":0,"comment_status":"false","ping_status":"open","sticky":false,"template":"","format":"standard","meta":{"footnotes":""},"categories":[43],"tags":[44],"class_list":["post-24310","post","type-post","status-publish","format-standard","hentry","category-kirche-oldenburg","tag-kirche-oldenburg"],"_links":{"self":[{"href":"https:\/\/christusnews.de\/site\/wp-json\/wp\/v2\/posts\/24310","targetHints":{"allow":["GET"]}}],"collection":[{"href":"https:\/\/christusnews.de\/site\/wp-json\/wp\/v2\/posts"}],"about":[{"href":"https:\/\/christusnews.de\/site\/wp-json\/wp\/v2\/types\/post"}],"author":[{"embeddable":true,"href":"https:\/\/christusnews.de\/site\/wp-json\/wp\/v2\/users\/7"}],"replies":[{"embeddable":true,"href":"https:\/\/christusnews.de\/site\/wp-json\/wp\/v2\/comments?post=24310"}],"version-history":[{"count":1,"href":"https:\/\/christusnews.de\/site\/wp-json\/wp\/v2\/posts\/24310\/revisions"}],"predecessor-version":[{"id":24311,"href":"https:\/\/christusnews.de\/site\/wp-json\/wp\/v2\/posts\/24310\/revisions\/24311"}],"wp:attachment":[{"href":"https:\/\/christusnews.de\/site\/wp-json\/wp\/v2\/media?parent=24310"}],"wp:term":[{"taxonomy":"category","embeddable":true,"href":"https:\/\/christusnews.de\/site\/wp-json\/wp\/v2\/categories?post=24310"},{"taxonomy":"post_tag","embeddable":true,"href":"https:\/\/christusnews.de\/site\/wp-json\/wp\/v2\/tags?post=24310"}],"curies":[{"name":"wp","href":"https:\/\/api.w.org\/{rel}","templated":true}]}}