{"id":24312,"date":"2023-06-08T09:07:16","date_gmt":"2023-06-08T07:07:16","guid":{"rendered":"https:\/\/christusnews.de\/site\/hellmann-denker-im-abendklang-tanz-in-das-abendrotder-naechste-abendklang-in-der-christus-und-garnisonkirche-am-sonntag-11-juni-um-1800-uhr-wird-gestaltet-von-dem-wilhel\/"},"modified":"2023-06-08T11:18:25","modified_gmt":"2023-06-08T09:18:25","slug":"hellmann-denker-im-abendklang-tanz-in-das-abendrotder-naechste-abendklang-in-der-christus-und-garnisonkirche-am-sonntag-11-juni-um-1800-uhr-wird-gestaltet-von-dem-wilhel","status":"publish","type":"post","link":"https:\/\/christusnews.de\/site\/hellmann-denker-im-abendklang-tanz-in-das-abendrotder-naechste-abendklang-in-der-christus-und-garnisonkirche-am-sonntag-11-juni-um-1800-uhr-wird-gestaltet-von-dem-wilhel\/","title":{"rendered":"Hellmann &amp; Denker im Abendklang: \u201eTanz in das Abendrot\u201c\nDer n\u00e4chste Abendklang in der Christus- und Garnisonkirche am Sonntag, 11. Juni, um 18:00 Uhr wird gestaltet von dem Wilhelmshavener Duo Hellmann &amp; Denker. \u201eTanz in das Abendrot\u201c so hei\u00dft die Auswahl von Liedern des Duos. Unter anderem mit St\u00fccken von Klaus Hoffmann, Kaleko, Brell und traditionellen jiddischen St\u00fccken. \nDer Einlass in die Kirche ist ab 17.30 Uhr Der Eintritt ist frei, um eine Kollekte wird gebeten."},"content":{"rendered":"<p>Hellmann &amp; Denker im Abendklang: \u201eTanz in das Abendrot\u201c<br \/>\nDer n\u00e4chste Abendklang in der Christus- und Garnisonkirche am Sonntag, 11. Juni, um 18:00 Uhr wird gestaltet von dem Wilhelmshavener Duo Hellmann &amp; Denker. \u201eTanz in das Abendrot\u201c so hei\u00dft die Auswahl von Liedern des Duos. Unter anderem mit St\u00fccken von Klaus Hoffmann, Kaleko, Brell und traditionellen jiddischen St\u00fccken.<br \/>\nDer Einlass in die Kirche ist ab 17.30 Uhr Der Eintritt ist frei, um eine Kollekte wird gebeten.<br \/>\nHAVENKIRCHE@FB<br \/>\n<a href=\"https:\/\/www.facebook.com\/396185572708352\/posts\/564040439256197\" target=\"_blank\" rel=\"noopener\">Hellmann &amp; Denker im Abendklang: \u201eTanz in das Abendrot\u201c<br \/>\nDer n\u00e4chste Abendklang in der Christus- und Garnisonkirche am Sonntag, 11. Juni, um 18:00 Uhr wird gestaltet von dem Wilhelmshavener Duo Hellmann &amp; Denker. \u201eTanz in das Abendrot\u201c so hei\u00dft die Auswahl von Liedern des Duos. Unter anderem mit St\u00fccken von Klaus Hoffmann, Kaleko, Brell und traditionellen jiddischen St\u00fccken.<br \/>\nDer Einlass in die Kirche ist ab 17.30 Uhr Der Eintritt ist frei, um eine Kollekte wird gebeten.<\/a><\/p>\n","protected":false},"excerpt":{"rendered":"<p>Hellmann &amp; Denker im Abendklang: \u201eTanz in das Abendrot\u201c Der n\u00e4chste Abendklang in der Christus- und Garnisonkirche am Sonntag, 11. Juni, um 18:00 Uhr wird gestaltet von dem Wilhelmshavener Duo Hellmann &amp; Denker. \u201eTanz in das Abendrot\u201c so hei\u00dft die Auswahl von Liedern des Duos. Unter anderem mit St\u00fccken von Klaus Hoffmann, Kaleko, Brell und traditionellen jiddischen St\u00fccken. Der Einlass in die Kirche ist ab 17.30 Uhr Der Eintritt ist frei, um eine Kollekte wird gebeten. HAVENKIRCHE@FB Hellmann &amp; Denker im Abendklang: \u201eTanz in das Abendrot\u201c Der n\u00e4chste Abendklang in der Christus- und Garnisonkirche am Sonntag, 11. Juni, um 18:00&#8230;<\/p>\n","protected":false},"author":6,"featured_media":0,"comment_status":"false","ping_status":"open","sticky":false,"template":"","format":"standard","meta":{"footnotes":""},"categories":[75],"tags":[76],"class_list":["post-24312","post","type-post","status-publish","format-standard","hentry","category-havenkirche","tag-havenkirche"],"_links":{"self":[{"href":"https:\/\/christusnews.de\/site\/wp-json\/wp\/v2\/posts\/24312","targetHints":{"allow":["GET"]}}],"collection":[{"href":"https:\/\/christusnews.de\/site\/wp-json\/wp\/v2\/posts"}],"about":[{"href":"https:\/\/christusnews.de\/site\/wp-json\/wp\/v2\/types\/post"}],"author":[{"embeddable":true,"href":"https:\/\/christusnews.de\/site\/wp-json\/wp\/v2\/users\/6"}],"replies":[{"embeddable":true,"href":"https:\/\/christusnews.de\/site\/wp-json\/wp\/v2\/comments?post=24312"}],"version-history":[{"count":1,"href":"https:\/\/christusnews.de\/site\/wp-json\/wp\/v2\/posts\/24312\/revisions"}],"predecessor-version":[{"id":24313,"href":"https:\/\/christusnews.de\/site\/wp-json\/wp\/v2\/posts\/24312\/revisions\/24313"}],"wp:attachment":[{"href":"https:\/\/christusnews.de\/site\/wp-json\/wp\/v2\/media?parent=24312"}],"wp:term":[{"taxonomy":"category","embeddable":true,"href":"https:\/\/christusnews.de\/site\/wp-json\/wp\/v2\/categories?post=24312"},{"taxonomy":"post_tag","embeddable":true,"href":"https:\/\/christusnews.de\/site\/wp-json\/wp\/v2\/tags?post=24312"}],"curies":[{"name":"wp","href":"https:\/\/api.w.org\/{rel}","templated":true}]}}