{"id":24314,"date":"2023-06-08T18:30:03","date_gmt":"2023-06-08T16:30:03","guid":{"rendered":"https:\/\/christusnews.de\/site\/einladung-zur-woche-der-stille\/"},"modified":"2023-06-08T23:17:20","modified_gmt":"2023-06-08T21:17:20","slug":"einladung-zur-woche-der-stille","status":"publish","type":"post","link":"https:\/\/christusnews.de\/site\/einladung-zur-woche-der-stille\/","title":{"rendered":"Einladung zur \u201eWoche der Stille\u201c"},"content":{"rendered":"<p>Eine bunte Vielfalt an Angeboten rund um Achtsamkeit, Meditation und Selbstwahrnehmung bietet die \u201eWoche der Stille\u201c &nbsp;vom 8. bis 15. Juni. Dutzende Veranstaltungen stehen auf der Internetseite <a href=\"http:\/\/www.woche-der-stille.de\">www.woche-der-stille.de<\/a>&nbsp;bislang schon online. &nbsp;<br \/>\n&nbsp;<br \/>\nIn diesem Jahr findet die Woche der Stille vom 8. bis 15. Juni zum zweiten Mal statt. Erneut sind alle Akteure eingeladen, ihre Kurse und Veranstaltungen auf der Homepage <a href=\"http:\/\/www.woche-der-stille.de\">www.woche-der-stille.de<\/a>&nbsp;einzutragen. Der Kalender auf der Homepage ist freigeschaltet. In diesem Jahr verteilen wir als Informationsquelle zus\u00e4tzlich einen Flyer. In diesem gedruckten Flyers sind mehr als 60 einzelne Veranstaltungen ank\u00fcndigt. Wer kurzentschlossen noch eine Veranstaltung anbieten m\u00f6chte, kann die Daten und eine Kurzbeschreibung selbst in den digitalen Veranstaltungskalender auf www.woche-der-stille.de\/mitgestalten eintragen. Das Angebot wird zeitnah vom Orga-Team freigeschaltet. Weitere Infos und Fragen rund um die \u201eWoche der Stille\u201c richten Sie bitte an <a href=\"mailto:info@woche-der-stille.de\">info@woche-der-stille.de<\/a>.&nbsp;<br \/>\n&nbsp; &nbsp;<br \/>\nDie Woche der Stille ist ein Schaufenster f\u00fcr Angebote zu Entspannung, Achtsamkeit und Meditation. Eingeladen sind alle Akteure aus den Bereichen Sport, Gesundheit und Spiritualit\u00e4t. Ziel ist es zum einen, Interessierten Anregungen zu geben, wie sie zu Ruhe und Selbstwahrnehmung finden. Zum anderen kn\u00fcpft die \u201eWoche\u201c ein Netzwerk f\u00fcr Engagierte in diesem Bereich. Die Woche wird getragen von einem Team Haupt- und Ehrenamtlicher der evangelischen und katholischen Kirche, dem Pr\u00e4ventionsrat der Stadt Oldenburg und Freiberuflern aus dem Bereich Beratung. \u201eWir freuen uns auf ein gro\u00dfes, buntes Programmangebot\u201c, so Pfarrerin Martina Rambusch-Nowak, Mitglied des Orga-Teams.<\/p>\n<p>Kirche-Oldenburg<br \/>\n<a href=\"https:\/\/www.kirche-oldenburg.de\/\/aktuell\/pressemitteilungen\/artikel\/einladung-zur-woche-der-stille\" target=\"_blank\" rel=\"noopener\">Einladung zur \u201eWoche der Stille\u201c<\/a><\/p>\n","protected":false},"excerpt":{"rendered":"<p>Eine bunte Vielfalt an Angeboten rund um Achtsamkeit, Meditation und Selbstwahrnehmung bietet die \u201eWoche der Stille\u201c &nbsp;vom 8. bis 15. Juni. Dutzende Veranstaltungen stehen auf der Internetseite www.woche-der-stille.de&nbsp;bislang schon online. &nbsp; &nbsp; In diesem Jahr findet die Woche der Stille vom 8. bis 15. Juni zum zweiten Mal statt. Erneut sind alle Akteure eingeladen, ihre Kurse und Veranstaltungen auf der Homepage www.woche-der-stille.de&nbsp;einzutragen. Der Kalender auf der Homepage ist freigeschaltet. In diesem Jahr verteilen wir als Informationsquelle zus\u00e4tzlich einen Flyer. In diesem gedruckten Flyers sind mehr als 60 einzelne Veranstaltungen ank\u00fcndigt. Wer kurzentschlossen noch eine Veranstaltung anbieten m\u00f6chte, kann die Daten&#8230;<\/p>\n","protected":false},"author":7,"featured_media":0,"comment_status":"false","ping_status":"open","sticky":false,"template":"","format":"standard","meta":{"footnotes":""},"categories":[43],"tags":[44],"class_list":["post-24314","post","type-post","status-publish","format-standard","hentry","category-kirche-oldenburg","tag-kirche-oldenburg"],"_links":{"self":[{"href":"https:\/\/christusnews.de\/site\/wp-json\/wp\/v2\/posts\/24314","targetHints":{"allow":["GET"]}}],"collection":[{"href":"https:\/\/christusnews.de\/site\/wp-json\/wp\/v2\/posts"}],"about":[{"href":"https:\/\/christusnews.de\/site\/wp-json\/wp\/v2\/types\/post"}],"author":[{"embeddable":true,"href":"https:\/\/christusnews.de\/site\/wp-json\/wp\/v2\/users\/7"}],"replies":[{"embeddable":true,"href":"https:\/\/christusnews.de\/site\/wp-json\/wp\/v2\/comments?post=24314"}],"version-history":[{"count":1,"href":"https:\/\/christusnews.de\/site\/wp-json\/wp\/v2\/posts\/24314\/revisions"}],"predecessor-version":[{"id":24315,"href":"https:\/\/christusnews.de\/site\/wp-json\/wp\/v2\/posts\/24314\/revisions\/24315"}],"wp:attachment":[{"href":"https:\/\/christusnews.de\/site\/wp-json\/wp\/v2\/media?parent=24314"}],"wp:term":[{"taxonomy":"category","embeddable":true,"href":"https:\/\/christusnews.de\/site\/wp-json\/wp\/v2\/categories?post=24314"},{"taxonomy":"post_tag","embeddable":true,"href":"https:\/\/christusnews.de\/site\/wp-json\/wp\/v2\/tags?post=24314"}],"curies":[{"name":"wp","href":"https:\/\/api.w.org\/{rel}","templated":true}]}}