{"id":24322,"date":"2023-06-08T18:42:05","date_gmt":"2023-06-08T16:42:05","guid":{"rendered":"https:\/\/christusnews.de\/site\/suedschiff-ausstellung-soft-opening-in-der-christus-und-garnisonkirchefotoausstellung-m-e-e-r-z-e-i-t-wird-ab-sonntag-zu-sehen-sein-11-juni-ab-13-uhr-eine-besondere-ausstellung-wird-im-suedsch\/"},"modified":"2023-06-08T23:17:23","modified_gmt":"2023-06-08T21:17:23","slug":"suedschiff-ausstellung-soft-opening-in-der-christus-und-garnisonkirchefotoausstellung-m-e-e-r-z-e-i-t-wird-ab-sonntag-zu-sehen-sein-11-juni-ab-13-uhr-eine-besondere-ausstellung-wird-im-suedsch","status":"publish","type":"post","link":"https:\/\/christusnews.de\/site\/suedschiff-ausstellung-soft-opening-in-der-christus-und-garnisonkirchefotoausstellung-m-e-e-r-z-e-i-t-wird-ab-sonntag-zu-sehen-sein-11-juni-ab-13-uhr-eine-besondere-ausstellung-wird-im-suedsch\/","title":{"rendered":"S\u00fcdschiff Ausstellung Soft opening in der Christus- und Garnisonkirche\nFotoausstellung M.E.E.R.Z.E.I.T. wird ab Sonntag zu sehen sein (11. Juni, ab 13 Uhr) \nEine besondere Ausstellung wird im S\u00fcdschiff er\u00f6ffnet. Die Bilder der Wilhelmshavener Fotok\u00fcnstlerin Katrin Westphal werden gezeigt und d\u00fcrfen noch einmal ihr Publikum finden. In den ersten Monaten dieses Jahres wurden sie bereits im Wattenmeer Besucherzentrums gezeigt (mit gro\u00dfer Unterst\u00fctzung durch den Freundeskreis des Wattenmeerhauses). Die Bilder sind w\u00e4hrend der \u00d6ffnungszeit der Kirche im ganzen Sommer zu sehen. Die offizielle Er\u00f6ffnung findet am 29.6. um 19 Uhr statt. Auch dazu: Herzliche Einladung"},"content":{"rendered":"<p>S\u00fcdschiff Ausstellung Soft opening in der Christus- und Garnisonkirche<br \/>\nFotoausstellung M.E.E.R.Z.E.I.T. wird ab Sonntag zu sehen sein (11. Juni, ab 13 Uhr)<br \/>\nEine besondere Ausstellung wird im S\u00fcdschiff er\u00f6ffnet. Die Bilder der Wilhelmshavener Fotok\u00fcnstlerin Katrin Westphal werden gezeigt und d\u00fcrfen noch einmal ihr Publikum finden. In den ersten Monaten dieses Jahres wurden sie bereits im Wattenmeer Besucherzentrums gezeigt (mit gro\u00dfer Unterst\u00fctzung durch den Freundeskreis des Wattenmeerhauses). Die Bilder sind w\u00e4hrend der \u00d6ffnungszeit der Kirche im ganzen Sommer zu sehen. Die offizielle Er\u00f6ffnung findet am 29.6. um 19 Uhr statt. Auch dazu: Herzliche Einladung<br \/>\nHAVENKIRCHE@FB<br \/>\n<a href=\"https:\/\/www.facebook.com\/396185572708352\/posts\/564299862563588\" target=\"_blank\" rel=\"noopener\">S\u00fcdschiff Ausstellung Soft opening in der Christus- und Garnisonkirche<br \/>\nFotoausstellung M.E.E.R.Z.E.I.T. wird ab Sonntag zu sehen sein (11. Juni, ab 13 Uhr)<br \/>\nEine besondere Ausstellung wird im S\u00fcdschiff er\u00f6ffnet. Die Bilder der Wilhelmshavener Fotok\u00fcnstlerin Katrin Westphal werden gezeigt und d\u00fcrfen noch einmal ihr Publikum finden. In den ersten Monaten dieses Jahres wurden sie bereits im Wattenmeer Besucherzentrums gezeigt (mit gro\u00dfer Unterst\u00fctzung durch den Freundeskreis des Wattenmeerhauses). Die Bilder sind w\u00e4hrend der \u00d6ffnungszeit der Kirche im ganzen Sommer zu sehen. Die offizielle Er\u00f6ffnung findet am 29.6. um 19 Uhr statt. Auch dazu: Herzliche Einladung<\/a><\/p>\n","protected":false},"excerpt":{"rendered":"<p>S\u00fcdschiff Ausstellung Soft opening in der Christus- und Garnisonkirche Fotoausstellung M.E.E.R.Z.E.I.T. wird ab Sonntag zu sehen sein (11. Juni, ab 13 Uhr) Eine besondere Ausstellung wird im S\u00fcdschiff er\u00f6ffnet. Die Bilder der Wilhelmshavener Fotok\u00fcnstlerin Katrin Westphal werden gezeigt und d\u00fcrfen noch einmal ihr Publikum finden. In den ersten Monaten dieses Jahres wurden sie bereits im Wattenmeer Besucherzentrums gezeigt (mit gro\u00dfer Unterst\u00fctzung durch den Freundeskreis des Wattenmeerhauses). Die Bilder sind w\u00e4hrend der \u00d6ffnungszeit der Kirche im ganzen Sommer zu sehen. Die offizielle Er\u00f6ffnung findet am 29.6. um 19 Uhr statt. Auch dazu: Herzliche Einladung HAVENKIRCHE@FB S\u00fcdschiff Ausstellung Soft opening in der&#8230;<\/p>\n","protected":false},"author":6,"featured_media":0,"comment_status":"false","ping_status":"open","sticky":false,"template":"","format":"standard","meta":{"footnotes":""},"categories":[75],"tags":[76],"class_list":["post-24322","post","type-post","status-publish","format-standard","hentry","category-havenkirche","tag-havenkirche"],"_links":{"self":[{"href":"https:\/\/christusnews.de\/site\/wp-json\/wp\/v2\/posts\/24322","targetHints":{"allow":["GET"]}}],"collection":[{"href":"https:\/\/christusnews.de\/site\/wp-json\/wp\/v2\/posts"}],"about":[{"href":"https:\/\/christusnews.de\/site\/wp-json\/wp\/v2\/types\/post"}],"author":[{"embeddable":true,"href":"https:\/\/christusnews.de\/site\/wp-json\/wp\/v2\/users\/6"}],"replies":[{"embeddable":true,"href":"https:\/\/christusnews.de\/site\/wp-json\/wp\/v2\/comments?post=24322"}],"version-history":[{"count":1,"href":"https:\/\/christusnews.de\/site\/wp-json\/wp\/v2\/posts\/24322\/revisions"}],"predecessor-version":[{"id":24323,"href":"https:\/\/christusnews.de\/site\/wp-json\/wp\/v2\/posts\/24322\/revisions\/24323"}],"wp:attachment":[{"href":"https:\/\/christusnews.de\/site\/wp-json\/wp\/v2\/media?parent=24322"}],"wp:term":[{"taxonomy":"category","embeddable":true,"href":"https:\/\/christusnews.de\/site\/wp-json\/wp\/v2\/categories?post=24322"},{"taxonomy":"post_tag","embeddable":true,"href":"https:\/\/christusnews.de\/site\/wp-json\/wp\/v2\/tags?post=24322"}],"curies":[{"name":"wp","href":"https:\/\/api.w.org\/{rel}","templated":true}]}}