{"id":24324,"date":"2023-06-08T07:26:00","date_gmt":"2023-06-08T05:26:00","guid":{"rendered":"https:\/\/christusnews.de\/site\/friedensaktivist-krieg-als-letztes-mittel-wird-wieder-salonfaehig\/"},"modified":"2023-06-09T11:17:38","modified_gmt":"2023-06-09T09:17:38","slug":"friedensaktivist-krieg-als-letztes-mittel-wird-wieder-salonfaehig","status":"publish","type":"post","link":"https:\/\/christusnews.de\/site\/friedensaktivist-krieg-als-letztes-mittel-wird-wieder-salonfaehig\/","title":{"rendered":"Friedensaktivist: Krieg als \u00abletztes Mittel\u00bb wird wieder salonf\u00e4hig"},"content":{"rendered":"<p>Wunstorf\/Region Hannover (epd). Der Friedensaktivist Gerhard Biederbeck sieht in der Gesellschaft wachsende Bereitschaft, kriegerische Auseinandersetzungen unwidersprochen hinzunehmen oder sogar als \u00abletztes Mittel\u00bb politischer Konflikte zu billigen. \u00abDie Hemmschwellen sinken, das Leitwort von einst, &#8216;Nie wieder Krieg&#8217;, scheint f\u00fcr immer weniger Menschen G\u00fcltigkeit zu besitzen\u00bb, sagte der 74-j\u00e4hrige Mitinitiator der f\u00fcr Sonnabend (10. Juni) in Wunstorf geplanten Proteste gegen das Nato-Man\u00f6ver \u00abAir Defender 23\u00bb im Gespr\u00e4ch mit dem Evangelischen Pressedienst (epd). Ihn erschrecke, wie pragmatisch etwa \u00fcber Lieferungen immer offensiverer Waffensysteme an die Ukraine gesprochen werde.<\/p>\n<p>\n\u00abDie Situation scheint \u00e4u\u00dferst fragil\u00bb, betonte Biederbeck. Sobald Russland f\u00fcrchten m\u00fcsse, dass von Nato-Staaten gelieferte Waffen die Krim angreifen k\u00f6nnten, drohe eine Eskalation bis hin zur Unkontrollierbarkeit. \u00abGerade den J\u00fcngeren in unserem Land, die weder den Zweiten Weltkrieg und dessen Folgen noch die reale Bedrohung des Kalten Krieges erlebt haben, fehlt wom\u00f6glich die Vorstellungskraft, dass die Lage pl\u00f6tzlich todernst werden k\u00f6nnte\u00bb, sagte der pensionierte Deutsch- und Religionslehrer.<\/p>\n<p>\nEr hingegen halte die Gefahr eines Dritten Weltkrieges f\u00fcr durchaus real. Auch deshalb rufe er gemeinsam mit der Friedensinitiative Neustadt\/Wunstorf, dem Bremer Friedensforum, der Nordeutschen Friedenskonferenz sowie Initiativen aus Hannover und Osnabr\u00fcck f\u00fcr Sonnabend ab \u00abf\u00fcnf vor zw\u00f6lf\u00bb, also um 11.55 Uhr, zu einer Protestkundgebung vor dem Fliegerhorst Wunstorf auf. Wunstorf ist ein Hauptdrehkreuz der \u00dcbung \u00abAir Defender 23\u00bb.<\/p>\n<p>Kirche-Oldenburg<br \/>\n<a href=\"https:\/\/www.kirche-oldenburg.de\/\/aktuell\/news-niedersachsen\/artikel\/friedensaktivist-krieg-als-letztes-mittel-wird-wieder-salonfaehig\" target=\"_blank\" rel=\"noopener\">Friedensaktivist: Krieg als \u00abletztes Mittel\u00bb wird wieder salonf\u00e4hig<\/a><\/p>\n","protected":false},"excerpt":{"rendered":"<p>Wunstorf\/Region Hannover (epd). Der Friedensaktivist Gerhard Biederbeck sieht in der Gesellschaft wachsende Bereitschaft, kriegerische Auseinandersetzungen unwidersprochen hinzunehmen oder sogar als \u00abletztes Mittel\u00bb politischer Konflikte zu billigen. \u00abDie Hemmschwellen sinken, das Leitwort von einst, &#8216;Nie wieder Krieg&#8217;, scheint f\u00fcr immer weniger Menschen G\u00fcltigkeit zu besitzen\u00bb, sagte der 74-j\u00e4hrige Mitinitiator der f\u00fcr Sonnabend (10. Juni) in Wunstorf geplanten Proteste gegen das Nato-Man\u00f6ver \u00abAir Defender 23\u00bb im Gespr\u00e4ch mit dem Evangelischen Pressedienst (epd). Ihn erschrecke, wie pragmatisch etwa \u00fcber Lieferungen immer offensiverer Waffensysteme an die Ukraine gesprochen werde. \u00abDie Situation scheint \u00e4u\u00dferst fragil\u00bb, betonte Biederbeck. Sobald Russland f\u00fcrchten m\u00fcsse, dass von Nato-Staaten gelieferte&#8230;<\/p>\n","protected":false},"author":7,"featured_media":0,"comment_status":"false","ping_status":"open","sticky":false,"template":"","format":"standard","meta":{"footnotes":""},"categories":[43],"tags":[44],"class_list":["post-24324","post","type-post","status-publish","format-standard","hentry","category-kirche-oldenburg","tag-kirche-oldenburg"],"_links":{"self":[{"href":"https:\/\/christusnews.de\/site\/wp-json\/wp\/v2\/posts\/24324","targetHints":{"allow":["GET"]}}],"collection":[{"href":"https:\/\/christusnews.de\/site\/wp-json\/wp\/v2\/posts"}],"about":[{"href":"https:\/\/christusnews.de\/site\/wp-json\/wp\/v2\/types\/post"}],"author":[{"embeddable":true,"href":"https:\/\/christusnews.de\/site\/wp-json\/wp\/v2\/users\/7"}],"replies":[{"embeddable":true,"href":"https:\/\/christusnews.de\/site\/wp-json\/wp\/v2\/comments?post=24324"}],"version-history":[{"count":1,"href":"https:\/\/christusnews.de\/site\/wp-json\/wp\/v2\/posts\/24324\/revisions"}],"predecessor-version":[{"id":24325,"href":"https:\/\/christusnews.de\/site\/wp-json\/wp\/v2\/posts\/24324\/revisions\/24325"}],"wp:attachment":[{"href":"https:\/\/christusnews.de\/site\/wp-json\/wp\/v2\/media?parent=24324"}],"wp:term":[{"taxonomy":"category","embeddable":true,"href":"https:\/\/christusnews.de\/site\/wp-json\/wp\/v2\/categories?post=24324"},{"taxonomy":"post_tag","embeddable":true,"href":"https:\/\/christusnews.de\/site\/wp-json\/wp\/v2\/tags?post=24324"}],"curies":[{"name":"wp","href":"https:\/\/api.w.org\/{rel}","templated":true}]}}