{"id":24328,"date":"2023-06-09T13:28:02","date_gmt":"2023-06-09T11:28:02","guid":{"rendered":"https:\/\/christusnews.de\/site\/gebet-zum-abend-klimakrise-braucht-ermutigung\/"},"modified":"2023-06-09T23:18:13","modified_gmt":"2023-06-09T21:18:13","slug":"gebet-zum-abend-klimakrise-braucht-ermutigung","status":"publish","type":"post","link":"https:\/\/christusnews.de\/site\/gebet-zum-abend-klimakrise-braucht-ermutigung\/","title":{"rendered":"Gebet zum Abend: Klimakrise braucht Ermutigung"},"content":{"rendered":"<p>Die evangelisch-reformierte Kirchenpr\u00e4sidentin Susanne Bei der Wieden hat beim Kirchentag in N\u00fcrnberg zusammen mit dem Oldenburger Bischof Thomas Adomeit und dem Schriftf\u00fchrer der Bremischen Evangelischen Kirche, Bernd Kuschnerus, im Angesicht der Klimakrise zu Ermutigung aufgerufen. Die drei gestalteten nach einem Workshop zur Klimagerechtigkeit in der evangelisch-reformierten St.-Martha-Kirche ein Gebet am Donnerstagabend, 8. Juni.&nbsp;<br \/>\n&nbsp; &nbsp;<br \/>\nKuschnerus sagte, die biblische Sch\u00f6pfungsaussage sei f\u00fcr ihn eine Hoffnungssausage. Adomeit er\u00f6ffnete den Kurzgottesdienst mit der Aussage: \u201eDie Welt steht Kopf!\u201c Darum stehe auch dieser Gottesdienst auf dem Kopf und er beginne darum mit dem Segen. F\u00fcr ihn sei in dem vorangegangenen Klimaworkshop deutlich geworden, dass es kein Erkenntnisproblem gebe. Er w\u00fcnsche sich, dass die Hoffnung \u201euns zu den notwendigen ersten und zweiten Schritten\u201c anleite.<br \/>\n&nbsp; &nbsp;<br \/>\nSusanne Bei der Wieden schloss den Gottesdienst mit der Begr\u00fc\u00dfung: \u201eAm Anfang kann das beginnen, was neu beginnen muss.\u201c<\/p>\n<p><em>Ein Beitrag von Ulf Preu\u00df, Pressesprecher &#8211; Leitung \u00d6ffentlichkeitsarbeit im Landeskirchenamt der Evangelisch-reformierten Kirche.<\/em><\/p>\n<p>\n<strong>Oldenburgische Beteiligung auf dem Ev. Kirchentag in N\u00fcrnberg<\/strong><\/p>\n<p><strong>\u201eErmutigung\u201c<\/strong><br \/>\nGeistlicher Kommentar zum Thema Klima(un)gerechtigkeit<br \/>\nKirchenpr\u00e4sidentin Dr. Susanne Bei der Wieden, Evangelisch-reformierte Kirche, Leer, Schriftf\u00fchrer Dr. Bernd Kuschnerus, Bremische Evangelische Kirche, und Bischof Thomas Adomeit, Ev.-Luth. Kirche in Oldenburg<br \/>\nMusik: Pfarrer Christian L\u00fchder<br \/>\nZeit: Donnerstag, 8. Juni, 17:00 \u2013 18:00 Uhr<br \/>\nOrt: St. Martha, K\u00f6nigstra\u00dfe 79<\/p>\n<p><strong>\u201e\u00d6kumenische Klimakanzel\u201c<\/strong><br \/>\nGebete in Krisenzeiten \u2013 Liturgie mit klaren Worten<br \/>\nMit Pr\u00f6pstin Dr. Christina-Maria Bammel (Ev. Kirche Berlin-Brandenbg.-schles. Oberlausitz), Bischof Thomas Adomeit, Elisabeth Ries (Referentin f\u00fcr Jugend, Familie und Soziales, Stadt N\u00fcrnberg), Georg Sauerwein (Christians for Future, M\u00fcnchen), Dr. Maiken Winter (Kirchen-Soli-Gruppe Last Generation, Raisting), Bruder Franziskus Aaron RGSM (Rogate-Kloster Sankt Michael, Berlin\/Wilhelmshaven).<br \/>\nMusik: Beate Besser, Landeskirchenmusikdirektorin<br \/>\nZeit: <strong>Donnerstag, 8. Juni <\/strong>| 20:00 Uhr<br \/>\nOrt: \u00d6kumenisches Gemeindezentrum Thon, Kirche St. Clemens, Cuxhavener Stra\u00dfe 60<\/p>\n<p><strong>Bibelarbeit<\/strong><br \/>\nDie Zeit wird kommen | Lukas 17,20\u201025<br \/>\nmit Bundesarbeitsminister Hubertus Heil und dem Projektchor Brake, Ltg.: Gebhard von Hirschhausen<br \/>\nZeit: <strong>Samstag, 10. Juni<\/strong>, von 9:30 \u201010:30 Uhr im gro\u00dfen Saal in der Meistersingerhalle, M\u00fcnchener Str. 21<\/p>\n<p><strong>Bibelarbeit<\/strong><br \/>\nWas jetzt am Tage ist | 1. Mose 50,15\u201021<br \/>\nBibelarbeit mit Playmobil<br \/>\nMichael Sommer, Literaturwissenschaftler und Theaterspieler, M\u00fcnchen<br \/>\nModeration: Pfarrer Christian L\u00fchder<br \/>\nMusik: Pfarrer Christian L\u00fchder<br \/>\nZeit: <strong>Freitag, 9. Juni<\/strong>, 9:30\u201010:30 Uhr<br \/>\nOrt: Wilh.\u2010L\u00f6he\u2010Schule, Aula, Deutschherrnstr. 10<\/p>\n<p><strong>Offenes Singen<\/strong><br \/>\nOffenes Singen mit dem Liederheft mit Beate Besser, Landeskirchenmusikdirektorin<br \/>\nZeit: <strong>Donnerstag, 8. Juni<\/strong>, 13:30 \u2010 14:30 Uhr<br \/>\nOrt: St. Jakob, Jakobsplatz 1<\/p>\n<p><strong>Offenes Singen<\/strong><br \/>\nOffenes Singen mit dem Liederheft mit Beate Besser, Landeskirchenmusikdirektorin<br \/>\nZeit: <strong>Freitag, 9. Juni<\/strong>, 13:30 \u2010 14:30 Uhr<br \/>\nOrt: St. Jakob, Jakobsplatz 1<\/p>\n<p><strong>Ollnborger Kl\u00f6ntied<\/strong><br \/>\nBischof Thomas Adomeit l\u00e4dt die Kirchentags-G\u00e4ste aus Oldenburg und umzu auf einen Kl\u00f6nschnack bei Tee und Geb\u00e4ck ein.<br \/>\nZeit: <strong>Freitag, 9. Juni<\/strong>, 15:00 \u2013 17:00 Uhr&nbsp;<br \/>\nOrt: Kirche St. Martha, K\u00f6nigstra\u00dfe 79<br \/>\n&nbsp;<\/p>\n<p>Kirche-Oldenburg<br \/>\n<a href=\"https:\/\/www.kirche-oldenburg.de\/\/aktuell\/pressemitteilungen\/artikel\/gebet-zum-abend-klimakrise-braucht-ermutigung\" target=\"_blank\" rel=\"noopener\">Gebet zum Abend: Klimakrise braucht Ermutigung<\/a><\/p>\n","protected":false},"excerpt":{"rendered":"<p>Die evangelisch-reformierte Kirchenpr\u00e4sidentin Susanne Bei der Wieden hat beim Kirchentag in N\u00fcrnberg zusammen mit dem Oldenburger Bischof Thomas Adomeit und dem Schriftf\u00fchrer der Bremischen Evangelischen Kirche, Bernd Kuschnerus, im Angesicht der Klimakrise zu Ermutigung aufgerufen. Die drei gestalteten nach einem Workshop zur Klimagerechtigkeit in der evangelisch-reformierten St.-Martha-Kirche ein Gebet am Donnerstagabend, 8. Juni.&nbsp; &nbsp; &nbsp; Kuschnerus sagte, die biblische Sch\u00f6pfungsaussage sei f\u00fcr ihn eine Hoffnungssausage. Adomeit er\u00f6ffnete den Kurzgottesdienst mit der Aussage: \u201eDie Welt steht Kopf!\u201c Darum stehe auch dieser Gottesdienst auf dem Kopf und er beginne darum mit dem Segen. F\u00fcr ihn sei in dem vorangegangenen Klimaworkshop deutlich geworden,&#8230;<\/p>\n","protected":false},"author":7,"featured_media":0,"comment_status":"false","ping_status":"open","sticky":false,"template":"","format":"standard","meta":{"footnotes":""},"categories":[43],"tags":[44],"class_list":["post-24328","post","type-post","status-publish","format-standard","hentry","category-kirche-oldenburg","tag-kirche-oldenburg"],"_links":{"self":[{"href":"https:\/\/christusnews.de\/site\/wp-json\/wp\/v2\/posts\/24328","targetHints":{"allow":["GET"]}}],"collection":[{"href":"https:\/\/christusnews.de\/site\/wp-json\/wp\/v2\/posts"}],"about":[{"href":"https:\/\/christusnews.de\/site\/wp-json\/wp\/v2\/types\/post"}],"author":[{"embeddable":true,"href":"https:\/\/christusnews.de\/site\/wp-json\/wp\/v2\/users\/7"}],"replies":[{"embeddable":true,"href":"https:\/\/christusnews.de\/site\/wp-json\/wp\/v2\/comments?post=24328"}],"version-history":[{"count":1,"href":"https:\/\/christusnews.de\/site\/wp-json\/wp\/v2\/posts\/24328\/revisions"}],"predecessor-version":[{"id":24329,"href":"https:\/\/christusnews.de\/site\/wp-json\/wp\/v2\/posts\/24328\/revisions\/24329"}],"wp:attachment":[{"href":"https:\/\/christusnews.de\/site\/wp-json\/wp\/v2\/media?parent=24328"}],"wp:term":[{"taxonomy":"category","embeddable":true,"href":"https:\/\/christusnews.de\/site\/wp-json\/wp\/v2\/categories?post=24328"},{"taxonomy":"post_tag","embeddable":true,"href":"https:\/\/christusnews.de\/site\/wp-json\/wp\/v2\/tags?post=24328"}],"curies":[{"name":"wp","href":"https:\/\/api.w.org\/{rel}","templated":true}]}}