{"id":24330,"date":"2023-06-08T13:29:00","date_gmt":"2023-06-08T11:29:00","guid":{"rendered":"https:\/\/christusnews.de\/site\/verabschiedung-von-eva-brunken-als-bildungsreferentin-im-landesjugendpfarramt-und-beauftragte-fuer-kindergottesdienst-der-oldenburgischen-kirche\/"},"modified":"2023-06-09T23:18:14","modified_gmt":"2023-06-09T21:18:14","slug":"verabschiedung-von-eva-brunken-als-bildungsreferentin-im-landesjugendpfarramt-und-beauftragte-fuer-kindergottesdienst-der-oldenburgischen-kirche","status":"publish","type":"post","link":"https:\/\/christusnews.de\/site\/verabschiedung-von-eva-brunken-als-bildungsreferentin-im-landesjugendpfarramt-und-beauftragte-fuer-kindergottesdienst-der-oldenburgischen-kirche\/","title":{"rendered":"Verabschiedung von Eva Brunken als Bildungsreferentin im Landesjugendpfarramt und Beauftragte f\u00fcr Kindergottesdienst der oldenburgischen Kirche"},"content":{"rendered":"<p>Schon seit l\u00e4ngerer Zeit besch\u00e4ftigt sich Eva Brunken mit der Perspektive der Selbst\u00e4ndigkeit als Heilpraktikerin f\u00fcr Psychotherapie. Der Abschied f\u00e4llt schwer und gleichzeitig brauchen die n\u00e4chsten Schritte manchmal eine ordentliche Portion Mut, Ver\u00e4nderung und Freiheit.<\/p>\n<p>\u201e22 Jahre kirchlicher Dienst liegen hinter mir mit vielen wunderbaren Begegnungen, Projekten und Menschen, die so vieles an Erfahrungen erst m\u00f6glich gemacht haben. Ihr alle seid ein Teil davon. Daf\u00fcr bin ich sehr dankbar! Und nat\u00fcrlich schwingt auch Traurigkeit mit. Loslassen tut auch immer etwas weh, mir zumindest\u201c, sagt Eva Brunken bei der Bekanntgabe ihrer Entscheidung.<\/p>\n<p>Zu ihrer Verabschiedung als Bildungsreferentin im Landesjugendpfarramt und Beauftragte f\u00fcr Kindergottesdienst in der Ev.-Luth. Kirche in Oldenburg waren am 4. Juni viele Wegbegleiter*innen, Kolleg*innen, Freunde und Familienmitglieder in die Kreuzkirche nach Sandkrug gekommen. Sie hat zum 31. Mai dieses Jahres ihren Dienst im Landesjugendpfarramt und in der Ev.-Luth. Kirche in Oldenburg beendet.<\/p>\n<p>Das ganze Team des Landesjugendpfarramts w\u00fcnscht Eva f\u00fcr ihren weiteren Weg viel Erfolg und Gottes Segen. Du wirst uns fehlen \u2013 als Kollegin, als Mensch, als Wegbegleiterin, als Inspirationsquelle.<\/p>\n<p><em>Ein Beitrag von Lucas S\u00f6ker, \u00d6ffentlichkeitsarbeit.<\/em><br \/>\n&nbsp;<\/p>\n<p>Kirche-Oldenburg<br \/>\n<a href=\"https:\/\/www.kirche-oldenburg.de\/\/aktuell\/pressemitteilungen\/artikel\/verabschiedung-von-eva-brunken-als-bildungsreferentin-im-landesjugendpfarramt-und-beauftragte-fuer-kindergottesdienst-der-oldenburgischen-kirche\" target=\"_blank\" rel=\"noopener\">Verabschiedung von Eva Brunken als Bildungsreferentin im Landesjugendpfarramt und Beauftragte f\u00fcr Kindergottesdienst der oldenburgischen Kirche<\/a><\/p>\n","protected":false},"excerpt":{"rendered":"<p>Schon seit l\u00e4ngerer Zeit besch\u00e4ftigt sich Eva Brunken mit der Perspektive der Selbst\u00e4ndigkeit als Heilpraktikerin f\u00fcr Psychotherapie. Der Abschied f\u00e4llt schwer und gleichzeitig brauchen die n\u00e4chsten Schritte manchmal eine ordentliche Portion Mut, Ver\u00e4nderung und Freiheit. \u201e22 Jahre kirchlicher Dienst liegen hinter mir mit vielen wunderbaren Begegnungen, Projekten und Menschen, die so vieles an Erfahrungen erst m\u00f6glich gemacht haben. Ihr alle seid ein Teil davon. Daf\u00fcr bin ich sehr dankbar! Und nat\u00fcrlich schwingt auch Traurigkeit mit. Loslassen tut auch immer etwas weh, mir zumindest\u201c, sagt Eva Brunken bei der Bekanntgabe ihrer Entscheidung. Zu ihrer Verabschiedung als Bildungsreferentin im Landesjugendpfarramt und Beauftragte&#8230;<\/p>\n","protected":false},"author":7,"featured_media":0,"comment_status":"false","ping_status":"open","sticky":false,"template":"","format":"standard","meta":{"footnotes":""},"categories":[43],"tags":[44],"class_list":["post-24330","post","type-post","status-publish","format-standard","hentry","category-kirche-oldenburg","tag-kirche-oldenburg"],"_links":{"self":[{"href":"https:\/\/christusnews.de\/site\/wp-json\/wp\/v2\/posts\/24330","targetHints":{"allow":["GET"]}}],"collection":[{"href":"https:\/\/christusnews.de\/site\/wp-json\/wp\/v2\/posts"}],"about":[{"href":"https:\/\/christusnews.de\/site\/wp-json\/wp\/v2\/types\/post"}],"author":[{"embeddable":true,"href":"https:\/\/christusnews.de\/site\/wp-json\/wp\/v2\/users\/7"}],"replies":[{"embeddable":true,"href":"https:\/\/christusnews.de\/site\/wp-json\/wp\/v2\/comments?post=24330"}],"version-history":[{"count":1,"href":"https:\/\/christusnews.de\/site\/wp-json\/wp\/v2\/posts\/24330\/revisions"}],"predecessor-version":[{"id":24331,"href":"https:\/\/christusnews.de\/site\/wp-json\/wp\/v2\/posts\/24330\/revisions\/24331"}],"wp:attachment":[{"href":"https:\/\/christusnews.de\/site\/wp-json\/wp\/v2\/media?parent=24330"}],"wp:term":[{"taxonomy":"category","embeddable":true,"href":"https:\/\/christusnews.de\/site\/wp-json\/wp\/v2\/categories?post=24330"},{"taxonomy":"post_tag","embeddable":true,"href":"https:\/\/christusnews.de\/site\/wp-json\/wp\/v2\/tags?post=24330"}],"curies":[{"name":"wp","href":"https:\/\/api.w.org\/{rel}","templated":true}]}}