{"id":24332,"date":"2023-06-09T23:24:00","date_gmt":"2023-06-09T21:24:00","guid":{"rendered":"https:\/\/christusnews.de\/site\/oekumenische-klimakanzel-auf-dem-nuernberger-kirchentag\/"},"modified":"2023-06-10T23:19:43","modified_gmt":"2023-06-10T21:19:43","slug":"oekumenische-klimakanzel-auf-dem-nuernberger-kirchentag","status":"publish","type":"post","link":"https:\/\/christusnews.de\/site\/oekumenische-klimakanzel-auf-dem-nuernberger-kirchentag\/","title":{"rendered":"\u201e\u00d6kumenische Klimakanzel\u201c auf dem N\u00fcrnberger Kirchentag"},"content":{"rendered":"<p>\u201eEs geht nicht darum, Checklisten f\u00fcr den Klimaschutz abzuarbeiten, es geht um unsere Haltung. Denn wir wissen alle, was nun zu tun ist, um auf den Klimawandel zu reagieren,\u201c betonte Bischof Thomas Adomeit am Donnerstagabend, 8. Juni, auf dem 28. Deutschen Evangelischen Kirchentag in N\u00fcrnberg.&nbsp;<\/p>\n<p>Bischof Adomeit sprach auf Einladung des Rogate-Klosters Sankt Michael (Berlin\/Wilhelmshaven) im Abendgottesdienst \u201eKlimakanzel: Gebete in Krisenzeiten \u2013 Liturgie mit klaren Worten\u201c in der Sankt Clemenskirche des \u00f6kumenischen Gemeindezentrums Thon am Rande der Frankenmetropole. Weitere Mitwirkende waren u.a. Engagierte von \u201eChristians for Future\u201c und einer Kirchen-Soli-Gruppe von Last Generation (Letzte Generation). F\u00fcr die Stadt N\u00fcrnberg berichtete Elisabeth Ries von den Herausforderungen des Klimawandels f\u00fcr eine gro\u00dfe Stadt und der Notwendigkeit, \u00f6kologisch neu zu handeln, um die St\u00e4dte umzubauen.&nbsp;<\/p>\n<p>Bruder Franziskus Aaron RGSM (Rogate-Kloster Sankt Michael, Berlin\/Wilhelmshaven): \u201eWir haben die Klimakanzel entwickelt, um mit ihr gottesdienstlich und spirituell auf die Auswirkungen und auch auf zu langsame Handeln der politisch Verantwortlichen liturgisch zu reagieren. Wir wollen damit dazu beitragen, dass das Bewusstsein w\u00e4chst, dass wir vor der Notwendigkeit eines erheblichen Wandels auch unseres eigenen Handels stehen. Es geht dabei um Politik, Nachhaltigkeit und den Mut, Dinge deutlich zu benennen. Nicht nur an der K\u00fcste Frieslands wei\u00df man, welche Auswirkungen die Erderw\u00e4rmung, das Insektensterben und der steigende Meeresspiegel hat.\u201c<\/p>\n<p>Die oldenburgische Landeskirchenmusikdirektorin Beate Besser begleitete die Veranstaltung musikalisch an der Orgel.<\/p>\n<p>Das Klimakanzel-Format kommt urspr\u00fcnglich aus dem Ev.-luth. Kirchenkreis Friesland-Wilhelmshaven und war erstmals als eigene Veranstaltung im Rahmen des Kirchentages dabei. Die ersten Klimakanzel-Andachten fanden im vergangenen Jahr in Varel, Jever und in Wilhelmshaven statt. Weitere sind f\u00fcr den Herbst im Bremer Dom geplant. Hervorgegangen ist diese Gottesdienstform aus dem Demokratieprojekt \u201eFrieslandVisionen: Wie wollen wir morgen leben?\u201c des Rogate-Klosters (Berlin\/Wilhelmshaven).<\/p>\n<p><strong>Weitere Infos: <a href=\"http:\/\/www.klimakanzel.de\">www.klimakanzel.de<\/a>&nbsp;<\/strong> &nbsp;<br \/>\n&nbsp;<\/p>\n<p>Kirche-Oldenburg<br \/>\n<a href=\"https:\/\/www.kirche-oldenburg.de\/\/aktuell\/pressemitteilungen\/artikel\/oekumenische-klimakanzel-auf-dem-nuernberger-kirchentag\" target=\"_blank\" rel=\"noopener\">\u201e\u00d6kumenische Klimakanzel\u201c auf dem N\u00fcrnberger Kirchentag<\/a><\/p>\n","protected":false},"excerpt":{"rendered":"<p>\u201eEs geht nicht darum, Checklisten f\u00fcr den Klimaschutz abzuarbeiten, es geht um unsere Haltung. Denn wir wissen alle, was nun zu tun ist, um auf den Klimawandel zu reagieren,\u201c betonte Bischof Thomas Adomeit am Donnerstagabend, 8. Juni, auf dem 28. Deutschen Evangelischen Kirchentag in N\u00fcrnberg.&nbsp; Bischof Adomeit sprach auf Einladung des Rogate-Klosters Sankt Michael (Berlin\/Wilhelmshaven) im Abendgottesdienst \u201eKlimakanzel: Gebete in Krisenzeiten \u2013 Liturgie mit klaren Worten\u201c in der Sankt Clemenskirche des \u00f6kumenischen Gemeindezentrums Thon am Rande der Frankenmetropole. Weitere Mitwirkende waren u.a. Engagierte von \u201eChristians for Future\u201c und einer Kirchen-Soli-Gruppe von Last Generation (Letzte Generation). F\u00fcr die Stadt N\u00fcrnberg berichtete&#8230;<\/p>\n","protected":false},"author":7,"featured_media":0,"comment_status":"false","ping_status":"open","sticky":false,"template":"","format":"standard","meta":{"footnotes":""},"categories":[43],"tags":[44],"class_list":["post-24332","post","type-post","status-publish","format-standard","hentry","category-kirche-oldenburg","tag-kirche-oldenburg"],"_links":{"self":[{"href":"https:\/\/christusnews.de\/site\/wp-json\/wp\/v2\/posts\/24332","targetHints":{"allow":["GET"]}}],"collection":[{"href":"https:\/\/christusnews.de\/site\/wp-json\/wp\/v2\/posts"}],"about":[{"href":"https:\/\/christusnews.de\/site\/wp-json\/wp\/v2\/types\/post"}],"author":[{"embeddable":true,"href":"https:\/\/christusnews.de\/site\/wp-json\/wp\/v2\/users\/7"}],"replies":[{"embeddable":true,"href":"https:\/\/christusnews.de\/site\/wp-json\/wp\/v2\/comments?post=24332"}],"version-history":[{"count":1,"href":"https:\/\/christusnews.de\/site\/wp-json\/wp\/v2\/posts\/24332\/revisions"}],"predecessor-version":[{"id":24333,"href":"https:\/\/christusnews.de\/site\/wp-json\/wp\/v2\/posts\/24332\/revisions\/24333"}],"wp:attachment":[{"href":"https:\/\/christusnews.de\/site\/wp-json\/wp\/v2\/media?parent=24332"}],"wp:term":[{"taxonomy":"category","embeddable":true,"href":"https:\/\/christusnews.de\/site\/wp-json\/wp\/v2\/categories?post=24332"},{"taxonomy":"post_tag","embeddable":true,"href":"https:\/\/christusnews.de\/site\/wp-json\/wp\/v2\/tags?post=24332"}],"curies":[{"name":"wp","href":"https:\/\/api.w.org\/{rel}","templated":true}]}}