{"id":24334,"date":"2023-06-10T20:24:00","date_gmt":"2023-06-10T18:24:00","guid":{"rendered":"https:\/\/christusnews.de\/site\/ollnborger-kloentied-beim-kirchentag-in-nuernberg\/"},"modified":"2023-06-11T23:18:46","modified_gmt":"2023-06-11T21:18:46","slug":"ollnborger-kloentied-beim-kirchentag-in-nuernberg","status":"publish","type":"post","link":"https:\/\/christusnews.de\/site\/ollnborger-kloentied-beim-kirchentag-in-nuernberg\/","title":{"rendered":"Ollnborger Kl\u00f6ntied beim Kirchentag in N\u00fcrnberg"},"content":{"rendered":"<p>W\u00e4hrend des 38. Evangelischen Kirchentags in N\u00fcrnberg haben die drei K\u00fcstenkirchen im Treffpunkt St. Martha direkt in der Innenstadt in der evangelisch-reformierten St.-Martha-Kirche einen Teegarten organisiert. Der Treffpunkt St. Martha wurde dabei auch zu einem zentralen Anlaufpunkt von Mitgliedern der beteiligten Kirchen: der evangelisch-reformierten Kirche, der Evangelisch-Lutherischen Kirche in Oldenburg und der Bremischen Evangelischen Kirche.<\/p>\n<p>Besonders am Freitagnachmittag, 9. Juni, folgten viele Mitglieder der oldenburgischen Kirche der Einladung von Bischof Thomas Adomeit zur Kl\u00f6ntied. Beim Kl\u00f6nschnack mit echtem Ostfriesentee, mitgebracht aus dem Norden, und Zuckerzwieback wurden Gespr\u00e4che \u00fcber Gott und die Welt gef\u00fchrt.&nbsp;<\/p>\n<p>Mit Menschen ins Gespr\u00e4ch zu kommen und wortw\u00f6rtlich \u00fcber Gott und die Welt zu kl\u00f6nen, das sei Kirchentag, betonte Marlene Adomeit, eine Helferin im Treffpunkt St. Martha. Dabei zu sein und gute Begegnung zu haben, sei jedes Mal wieder ein Highlight.&nbsp;<br \/>\n&nbsp;<\/p>\n<p>Hier finden Sie weitere Informationen zur oldenburgischen Beteiligung beim Ev. Kirchentag in N\u00fcrnberg:<\/p>\n<p><strong><a href=\"https:\/\/www.kirche-oldenburg.de\/aktuell\/pressemitteilungen\/artikel\/gebet-zum-abend-klimakrise-braucht-ermutigung\">Gebet zum Abend: Klimakrise braucht Ermutigung \u2013 Abendandacht auf dem Kirchentag in N\u00fcrnberg<\/a><\/strong><\/p>\n<p><strong><a href=\"https:\/\/www.kirche-oldenburg.de\/aktuell\/pressemitteilungen\/artikel\/oekumenische-klimakanzel-auf-dem-nuernberger-kirchentag\">&#8220;\u00d6kumenische Klimakanzel&#8221; auf dem N\u00fcrnberger Kirchentag \u2013 Gebete in Krisenzeiten \u2013 Liturgie mit klaren Worten<\/a><\/strong><\/p>\n<p>Kirche-Oldenburg<br \/>\n<a href=\"https:\/\/www.kirche-oldenburg.de\/\/aktuell\/pressemitteilungen\/artikel\/ollnborger-kloentied-beim-kirchentag-in-nuernberg\" target=\"_blank\" rel=\"noopener\">Ollnborger Kl\u00f6ntied beim Kirchentag in N\u00fcrnberg<\/a><\/p>\n","protected":false},"excerpt":{"rendered":"<p>W\u00e4hrend des 38. Evangelischen Kirchentags in N\u00fcrnberg haben die drei K\u00fcstenkirchen im Treffpunkt St. Martha direkt in der Innenstadt in der evangelisch-reformierten St.-Martha-Kirche einen Teegarten organisiert. Der Treffpunkt St. Martha wurde dabei auch zu einem zentralen Anlaufpunkt von Mitgliedern der beteiligten Kirchen: der evangelisch-reformierten Kirche, der Evangelisch-Lutherischen Kirche in Oldenburg und der Bremischen Evangelischen Kirche. Besonders am Freitagnachmittag, 9. Juni, folgten viele Mitglieder der oldenburgischen Kirche der Einladung von Bischof Thomas Adomeit zur Kl\u00f6ntied. Beim Kl\u00f6nschnack mit echtem Ostfriesentee, mitgebracht aus dem Norden, und Zuckerzwieback wurden Gespr\u00e4che \u00fcber Gott und die Welt gef\u00fchrt.&nbsp; Mit Menschen ins Gespr\u00e4ch zu kommen und&#8230;<\/p>\n","protected":false},"author":7,"featured_media":0,"comment_status":"false","ping_status":"open","sticky":false,"template":"","format":"standard","meta":{"footnotes":""},"categories":[43],"tags":[44],"class_list":["post-24334","post","type-post","status-publish","format-standard","hentry","category-kirche-oldenburg","tag-kirche-oldenburg"],"_links":{"self":[{"href":"https:\/\/christusnews.de\/site\/wp-json\/wp\/v2\/posts\/24334","targetHints":{"allow":["GET"]}}],"collection":[{"href":"https:\/\/christusnews.de\/site\/wp-json\/wp\/v2\/posts"}],"about":[{"href":"https:\/\/christusnews.de\/site\/wp-json\/wp\/v2\/types\/post"}],"author":[{"embeddable":true,"href":"https:\/\/christusnews.de\/site\/wp-json\/wp\/v2\/users\/7"}],"replies":[{"embeddable":true,"href":"https:\/\/christusnews.de\/site\/wp-json\/wp\/v2\/comments?post=24334"}],"version-history":[{"count":1,"href":"https:\/\/christusnews.de\/site\/wp-json\/wp\/v2\/posts\/24334\/revisions"}],"predecessor-version":[{"id":24335,"href":"https:\/\/christusnews.de\/site\/wp-json\/wp\/v2\/posts\/24334\/revisions\/24335"}],"wp:attachment":[{"href":"https:\/\/christusnews.de\/site\/wp-json\/wp\/v2\/media?parent=24334"}],"wp:term":[{"taxonomy":"category","embeddable":true,"href":"https:\/\/christusnews.de\/site\/wp-json\/wp\/v2\/categories?post=24334"},{"taxonomy":"post_tag","embeddable":true,"href":"https:\/\/christusnews.de\/site\/wp-json\/wp\/v2\/tags?post=24334"}],"curies":[{"name":"wp","href":"https:\/\/api.w.org\/{rel}","templated":true}]}}