{"id":24336,"date":"2023-06-11T12:09:00","date_gmt":"2023-06-11T10:09:00","guid":{"rendered":"https:\/\/christusnews.de\/site\/influencerin-radtke-kirche-muss-queersensibler-werden\/"},"modified":"2023-06-12T23:17:24","modified_gmt":"2023-06-12T21:17:24","slug":"influencerin-radtke-kirche-muss-queersensibler-werden","status":"publish","type":"post","link":"https:\/\/christusnews.de\/site\/influencerin-radtke-kirche-muss-queersensibler-werden\/","title":{"rendered":"Influencerin Radtke: Kirche muss queersensibler werden"},"content":{"rendered":"<p class=\"MsoPlainText\">N\u00fcrnberg (epd). Die Influencerin, Videobloggerin und Pfarrerin Ellen Radtke sieht in der evangelischen Kirche noch immer gro\u00dfe Vorbehalte gegen\u00fcber queeren Menschen. Die Zeit sei l\u00e4ngst noch nicht so weit, dass sie an die T\u00fcren der Pfarr\u00e4mter klopfen k\u00f6nnten, sagte Radtke am Sonnabend beim Kirchentag in N\u00fcrnberg. Menschen h\u00e4tten dort \u00abkrasse\u00bb Erfahrungen gemacht. \u00abDer Satz &#8216;Alle sind willkommen&#8217; ist eine der gr\u00f6\u00dften L\u00fcgen der evangelischen Kirche\u00bb, sagte Radtke, die gemeinsam mit ihrer Ehefrau, der Pastorin Steffi Radtke, den reichweitenstarken YouTube-Kanal \u00abAnders Amen\u00bb betreibt. Die Radtkes wurden als lesbisches Pastorinnen-Paar auf dem Dorf Eime bei Hildesheim bundesweit bekannt.<\/p>\n<p class=\"MsoPlainText\">&nbsp;<\/p>\n<p class=\"MsoPlainText\">Auch die evangelische Hochschulpfarrerin Kerstin S\u00f6derblom forderte mehr Offenheit im Umgang mit queeren Menschen. \u00abQueersensible Seelsorge\u00bb m\u00fcsse gest\u00e4rkt und sichtbarer gemacht werden. Bis heute w\u00fcrden immer noch queere Menschen in Gemeinden Hilfe suchen, die mit Verletzungen und Mobbing Erfahrungen gemacht h\u00e4tten, sagte die Mainzer Pfarrerin bei einem Podium im \u00abZentrum Geschlechterwelten und Regenbogen\u00bb. \u00abEs muss deutlich werden, dass sie bei uns sichere Orte bekommen\u00bb, sagte S\u00f6derblom.<\/p>\n<p class=\"MsoPlainText\">&nbsp;<\/p>\n<p class=\"MsoPlainText\">Pfarrerin Mareike Gintzel aus Witten, LGBTQ+-Beauftragte ihres Dekanats, appellierte an die Zuh\u00f6rerinnen und Zuh\u00f6rer, in den Gemeinden auf allt\u00e4gliche Diskriminierungen etwa bei Formularen oder Teilnehmerlisten zu achten. Gintzel kritisierte, dass es in verschiedenen Landeskirchen Pfarrerinnen und Pfarrer ablehnen d\u00fcrfen, homosexuelle Paare zu trauen, wenn sie eine solche kirchliche Handlung nicht mit ihrem Bibelverst\u00e4ndnis vereinbaren k\u00f6nnten. Solche Gewissensvorbehalte geh\u00f6rten auf den Pr\u00fcfstand, forderte Ellen Radtke: \u00abDas f\u00fcgt anderen Menschen Verletzungen zu und f\u00fchrt diese Menschen weit weg von Gott.\u00bb<\/p>\n<p>Kirche-Oldenburg<br \/>\n<a href=\"https:\/\/www.kirche-oldenburg.de\/\/aktuell\/news-niedersachsen\/artikel\/influencerin-radtke-kirche-muss-queersensibler-werden\" target=\"_blank\" rel=\"noopener\">Influencerin Radtke: Kirche muss queersensibler werden<\/a><\/p>\n","protected":false},"excerpt":{"rendered":"<p>N\u00fcrnberg (epd). Die Influencerin, Videobloggerin und Pfarrerin Ellen Radtke sieht in der evangelischen Kirche noch immer gro\u00dfe Vorbehalte gegen\u00fcber queeren Menschen. Die Zeit sei l\u00e4ngst noch nicht so weit, dass sie an die T\u00fcren der Pfarr\u00e4mter klopfen k\u00f6nnten, sagte Radtke am Sonnabend beim Kirchentag in N\u00fcrnberg. Menschen h\u00e4tten dort \u00abkrasse\u00bb Erfahrungen gemacht. \u00abDer Satz &#8216;Alle sind willkommen&#8217; ist eine der gr\u00f6\u00dften L\u00fcgen der evangelischen Kirche\u00bb, sagte Radtke, die gemeinsam mit ihrer Ehefrau, der Pastorin Steffi Radtke, den reichweitenstarken YouTube-Kanal \u00abAnders Amen\u00bb betreibt. Die Radtkes wurden als lesbisches Pastorinnen-Paar auf dem Dorf Eime bei Hildesheim bundesweit bekannt. &nbsp; Auch die evangelische&#8230;<\/p>\n","protected":false},"author":7,"featured_media":0,"comment_status":"false","ping_status":"open","sticky":false,"template":"","format":"standard","meta":{"footnotes":""},"categories":[43],"tags":[44],"class_list":["post-24336","post","type-post","status-publish","format-standard","hentry","category-kirche-oldenburg","tag-kirche-oldenburg"],"_links":{"self":[{"href":"https:\/\/christusnews.de\/site\/wp-json\/wp\/v2\/posts\/24336","targetHints":{"allow":["GET"]}}],"collection":[{"href":"https:\/\/christusnews.de\/site\/wp-json\/wp\/v2\/posts"}],"about":[{"href":"https:\/\/christusnews.de\/site\/wp-json\/wp\/v2\/types\/post"}],"author":[{"embeddable":true,"href":"https:\/\/christusnews.de\/site\/wp-json\/wp\/v2\/users\/7"}],"replies":[{"embeddable":true,"href":"https:\/\/christusnews.de\/site\/wp-json\/wp\/v2\/comments?post=24336"}],"version-history":[{"count":1,"href":"https:\/\/christusnews.de\/site\/wp-json\/wp\/v2\/posts\/24336\/revisions"}],"predecessor-version":[{"id":24337,"href":"https:\/\/christusnews.de\/site\/wp-json\/wp\/v2\/posts\/24336\/revisions\/24337"}],"wp:attachment":[{"href":"https:\/\/christusnews.de\/site\/wp-json\/wp\/v2\/media?parent=24336"}],"wp:term":[{"taxonomy":"category","embeddable":true,"href":"https:\/\/christusnews.de\/site\/wp-json\/wp\/v2\/categories?post=24336"},{"taxonomy":"post_tag","embeddable":true,"href":"https:\/\/christusnews.de\/site\/wp-json\/wp\/v2\/tags?post=24336"}],"curies":[{"name":"wp","href":"https:\/\/api.w.org\/{rel}","templated":true}]}}