{"id":24338,"date":"2023-06-11T12:06:00","date_gmt":"2023-06-11T10:06:00","guid":{"rendered":"https:\/\/christusnews.de\/site\/staffeluebergabe-beim-kirchentag-auf-nuernberg-folgt-hannover-landesbischof-ralf-meister-laedt-zum-naechsten-protestantentreffen-ein\/"},"modified":"2023-06-12T23:17:25","modified_gmt":"2023-06-12T21:17:25","slug":"staffeluebergabe-beim-kirchentag-auf-nuernberg-folgt-hannover-landesbischof-ralf-meister-laedt-zum-naechsten-protestantentreffen-ein","status":"publish","type":"post","link":"https:\/\/christusnews.de\/site\/staffeluebergabe-beim-kirchentag-auf-nuernberg-folgt-hannover-landesbischof-ralf-meister-laedt-zum-naechsten-protestantentreffen-ein\/","title":{"rendered":"Staffel\u00fcbergabe beim Kirchentag: Auf N\u00fcrnberg folgt Hannover &#8211; Landesbischof Ralf Meister l\u00e4dt zum n\u00e4chsten Protestantentreffen ein"},"content":{"rendered":"<p class=\"MsoPlainText\">N\u00fcrnberg (epd). Stab\u00fcbergabe beim Protestantentreffen: Die Gastgeber des 38. Deutschen Evangelischen Kirchentages in N\u00fcrnberg haben am Samstagabend in der fr\u00e4nkischen Metropole ein symbolisches Staffelholz an die Gastgeber des n\u00e4chsten Kirchentages in Hannover weitergereicht. Das Gro\u00dfereignis wird vom 30. April bis zum 4. Mai&nbsp;2025 dort stattfinden.<\/p>\n<p class=\"MsoPlainText\">&nbsp;<\/p>\n<p class=\"MsoPlainText\">\u00abDie Vorfreude w\u00e4chst\u00bb, sagte die k\u00fcnftige Kirchentagspr\u00e4sidentin Anja Siegesmund: \u00abWir wollen den Kirchentag so vorbereiten, dass er etwas Bleibendes in Hannover hinterl\u00e4sst.\u00bb Die fr\u00fchere th\u00fcringische Umweltministerin (Gr\u00fcne) zog ein positives Fazit des aktuellen Treffens in Franken, das am Sonntag nach f\u00fcnf Tagen zu Ende ging:&nbsp;\u00abDer Kirchentag ist wieder richtig da, und das werden wir f\u00fcr immer mit N\u00fcrnberg verbinden.\u00bb<\/p>\n<p class=\"MsoPlainText\">&nbsp;<\/p>\n<p class=\"MsoPlainText\">Der hannoversche Landesbischof Ralf Meister sagte, das Vorbereitungsteam sei schon voller Energie, Begeisterung und ungew\u00f6hnlicher Ideen. Die Stadt wirbt f\u00fcr den Kirchentag 2025 mit dem Slogan #hannoverlieben. Der bayerische Landesbischof Heinrich Bedford-Strohm erg\u00e4nzte, f\u00fcr das Gelingen des Protestantentreffens sei die mentale und spirituelle Dynamik entscheidend: \u00abWenn du innerlich daf\u00fcr brennst, kannst du alles schaffen.\u00bb<\/p>\n<p class=\"MsoPlainText\">&nbsp;<\/p>\n<p class=\"MsoPlainText\">Meister hatte zuvor bereits bei einem Empfang der hannoverschen Landeskirche die Freunde und Besucher des Kirchentags zum n\u00e4chsten Treffen nach Hannover eingeladen. Dort pr\u00e4sentierte Hannover als eine Stadt der Kultur und der Vielfalt der Religionen. Zu den bedeutendsten K\u00fcnstlern aus Hannover geh\u00f6re unter anderem der Dadaist Kurt Schwitters (1887-1948). \u00abSie alle werden Hannover lieben\u00bb, sagte der Bischof mit einer Anspielung auf den neuen Slogan. An dem Empfang nahmen rund 150 G\u00e4ste teil, unter anderem aus S\u00fcdafrika, \u00c4thiopien und Russland.<\/p>\n<p class=\"MsoPlainText\">&nbsp;<\/p>\n<p class=\"MsoPlainText\">Hannovers B\u00fcrgermeister Thomas Klapproth (CDU) erl\u00e4uterte, beim Kirchentag 2025 werde der interreligi\u00f6se Austausch eine zentrale Rolle spielen: \u00abMit dem Ziel, dass Verst\u00e4ndnis f\u00fcreinander entsteht.\u00bb In der Stadt gebe es seit 20 Jahren das bundesweit erste \u00abHaus der Religionen\u00bb.<\/p>\n<p class=\"MsoPlainText\">&nbsp;<\/p>\n<p class=\"MsoPlainText\">Mit dem Kirchentag 2025 kehrt das Gro\u00dfereignis zu seinen Wurzeln zur\u00fcck. In Hannover hatte der Jurist Reinold von Thadden 1949 den evangelischen Kirchentag als unabh\u00e4ngige protestantische Laienbewegung ins Leben gerufen. Danach gastierte das Treffen noch drei Mal an der Leine: 1967, 1983 und 2005. Insgesamt wird es der 39. Deutsche Evangelische Kirchentag sein.<\/p>\n<p>Kirche-Oldenburg<br \/>\n<a href=\"https:\/\/www.kirche-oldenburg.de\/\/aktuell\/news-niedersachsen\/artikel\/staffeluebergabe-beim-kirchentag-auf-nuernberg-folgt-hannover-landesbischof-ralf-meister-laedt-zum-naechsten-protestantentreffen-ein\" target=\"_blank\" rel=\"noopener\">Staffel\u00fcbergabe beim Kirchentag: Auf N\u00fcrnberg folgt Hannover &#8211; Landesbischof Ralf Meister l\u00e4dt zum n\u00e4chsten Protestantentreffen ein<\/a><\/p>\n","protected":false},"excerpt":{"rendered":"<p>N\u00fcrnberg (epd). Stab\u00fcbergabe beim Protestantentreffen: Die Gastgeber des 38. Deutschen Evangelischen Kirchentages in N\u00fcrnberg haben am Samstagabend in der fr\u00e4nkischen Metropole ein symbolisches Staffelholz an die Gastgeber des n\u00e4chsten Kirchentages in Hannover weitergereicht. Das Gro\u00dfereignis wird vom 30. April bis zum 4. Mai&nbsp;2025 dort stattfinden. &nbsp; \u00abDie Vorfreude w\u00e4chst\u00bb, sagte die k\u00fcnftige Kirchentagspr\u00e4sidentin Anja Siegesmund: \u00abWir wollen den Kirchentag so vorbereiten, dass er etwas Bleibendes in Hannover hinterl\u00e4sst.\u00bb Die fr\u00fchere th\u00fcringische Umweltministerin (Gr\u00fcne) zog ein positives Fazit des aktuellen Treffens in Franken, das am Sonntag nach f\u00fcnf Tagen zu Ende ging:&nbsp;\u00abDer Kirchentag ist wieder richtig da, und das werden wir&#8230;<\/p>\n","protected":false},"author":7,"featured_media":0,"comment_status":"false","ping_status":"open","sticky":false,"template":"","format":"standard","meta":{"footnotes":""},"categories":[43],"tags":[44],"class_list":["post-24338","post","type-post","status-publish","format-standard","hentry","category-kirche-oldenburg","tag-kirche-oldenburg"],"_links":{"self":[{"href":"https:\/\/christusnews.de\/site\/wp-json\/wp\/v2\/posts\/24338","targetHints":{"allow":["GET"]}}],"collection":[{"href":"https:\/\/christusnews.de\/site\/wp-json\/wp\/v2\/posts"}],"about":[{"href":"https:\/\/christusnews.de\/site\/wp-json\/wp\/v2\/types\/post"}],"author":[{"embeddable":true,"href":"https:\/\/christusnews.de\/site\/wp-json\/wp\/v2\/users\/7"}],"replies":[{"embeddable":true,"href":"https:\/\/christusnews.de\/site\/wp-json\/wp\/v2\/comments?post=24338"}],"version-history":[{"count":1,"href":"https:\/\/christusnews.de\/site\/wp-json\/wp\/v2\/posts\/24338\/revisions"}],"predecessor-version":[{"id":24339,"href":"https:\/\/christusnews.de\/site\/wp-json\/wp\/v2\/posts\/24338\/revisions\/24339"}],"wp:attachment":[{"href":"https:\/\/christusnews.de\/site\/wp-json\/wp\/v2\/media?parent=24338"}],"wp:term":[{"taxonomy":"category","embeddable":true,"href":"https:\/\/christusnews.de\/site\/wp-json\/wp\/v2\/categories?post=24338"},{"taxonomy":"post_tag","embeddable":true,"href":"https:\/\/christusnews.de\/site\/wp-json\/wp\/v2\/tags?post=24338"}],"curies":[{"name":"wp","href":"https:\/\/api.w.org\/{rel}","templated":true}]}}