{"id":24340,"date":"2023-06-10T14:33:00","date_gmt":"2023-06-10T12:33:00","guid":{"rendered":"https:\/\/christusnews.de\/site\/welthungerhilfe-fordert-fuer-klimagipfel-fokus-auf-ernaehrungssicherung\/"},"modified":"2023-06-12T23:17:25","modified_gmt":"2023-06-12T21:17:25","slug":"welthungerhilfe-fordert-fuer-klimagipfel-fokus-auf-ernaehrungssicherung","status":"publish","type":"post","link":"https:\/\/christusnews.de\/site\/welthungerhilfe-fordert-fuer-klimagipfel-fokus-auf-ernaehrungssicherung\/","title":{"rendered":"Welthungerhilfe fordert f\u00fcr Klimagipfel Fokus auf Ern\u00e4hrungssicherung"},"content":{"rendered":"<p class=\"MsoPlainText\">Osnabr\u00fcck\/Bonn (epd). Die Welthungerhilfe fordert f\u00fcr internationale Klimaverhandlungen einen st\u00e4rkeren Fokus auf die Ern\u00e4hrungssicherung im Globalen S\u00fcden. Diese Lebensgrundlage f\u00fcr die verletzlichsten Menschen klimaresilient zu machen, sei neben der schnellen und drastischen Reduzierung der CO2-Emissionen eine der allerwichtigsten Aufgaben, betonte die Pr\u00e4sidentin der Hilfsorganisation, Marlehn Thieme, gegen\u00fcber der \u00abNeuen Osnabr\u00fccker Zeitung\u00bb (Sonnabend). \u00abDaf\u00fcr braucht es mehr Programme und mehr Geld von den Staaten des Globalen Nordens.\u00bb<\/p>\n<p class=\"MsoPlainText\">&nbsp;<\/p>\n<p class=\"MsoPlainText\">Thieme unterstrich, das Thema geh\u00f6re unbedingt in die Abschlusserkl\u00e4rung der derzeit in Bonn stattfindenden Vorbereitungstagung f\u00fcr die im Herbst anstehende UN-Klimakonferenz in Dubai. \u00abWir m\u00fcssen beim Aufbau von nachhaltigen und klimaresilienten Ern\u00e4hrungssystemen vorankommen , unterstrich Thieme. Wenn dieser Fokus in die Bonner Abschlussdokumente gelangte, w\u00fcrden auch die Welt\u00f6ffentlichkeit und internationale Fonds darauf Wert legen.<\/p>\n<p class=\"MsoPlainText\">&nbsp;<\/p>\n<p class=\"MsoPlainText\">Die Welthungerhilfe-Pr\u00e4sidentin forderte konkrete Schritte: \u00bbAllen voran m\u00fcssen klimaresiliente Verkehrswege, Speicher und Flutschutz gebaut werden.\u00ab Hinzu komme die F\u00f6rderung von Wissen \u00fcber die M\u00f6glichkeit, sich anzupassen. \u00bbUnd es braucht einen Versicherungsschutz der Bauern gegen Klimasch\u00e4den, sodass die Familien nicht durch Wetterextreme ins Elend st\u00fcrzen.\u00ab Zurzeit seien schon 828 Millionen Menschen von Hunger bedroht, sagte Thieme und warnte: \u00bbNoch wenige \u00dcberschwemmungen oder anhaltende D\u00fcrren, und die Milliardengrenze wird wieder \u00fcberstiegen.&#8221;<\/p>\n<p>Kirche-Oldenburg<br \/>\n<a href=\"https:\/\/www.kirche-oldenburg.de\/\/aktuell\/news-niedersachsen\/artikel\/welthungerhilfe-fordert-fuer-klimagipfel-fokus-auf-ernaehrungssicherung\" target=\"_blank\" rel=\"noopener\">Welthungerhilfe fordert f\u00fcr Klimagipfel Fokus auf Ern\u00e4hrungssicherung<\/a><\/p>\n","protected":false},"excerpt":{"rendered":"<p>Osnabr\u00fcck\/Bonn (epd). Die Welthungerhilfe fordert f\u00fcr internationale Klimaverhandlungen einen st\u00e4rkeren Fokus auf die Ern\u00e4hrungssicherung im Globalen S\u00fcden. Diese Lebensgrundlage f\u00fcr die verletzlichsten Menschen klimaresilient zu machen, sei neben der schnellen und drastischen Reduzierung der CO2-Emissionen eine der allerwichtigsten Aufgaben, betonte die Pr\u00e4sidentin der Hilfsorganisation, Marlehn Thieme, gegen\u00fcber der \u00abNeuen Osnabr\u00fccker Zeitung\u00bb (Sonnabend). \u00abDaf\u00fcr braucht es mehr Programme und mehr Geld von den Staaten des Globalen Nordens.\u00bb &nbsp; Thieme unterstrich, das Thema geh\u00f6re unbedingt in die Abschlusserkl\u00e4rung der derzeit in Bonn stattfindenden Vorbereitungstagung f\u00fcr die im Herbst anstehende UN-Klimakonferenz in Dubai. \u00abWir m\u00fcssen beim Aufbau von nachhaltigen und klimaresilienten Ern\u00e4hrungssystemen vorankommen&#8230;<\/p>\n","protected":false},"author":7,"featured_media":0,"comment_status":"false","ping_status":"open","sticky":false,"template":"","format":"standard","meta":{"footnotes":""},"categories":[43],"tags":[44],"class_list":["post-24340","post","type-post","status-publish","format-standard","hentry","category-kirche-oldenburg","tag-kirche-oldenburg"],"_links":{"self":[{"href":"https:\/\/christusnews.de\/site\/wp-json\/wp\/v2\/posts\/24340","targetHints":{"allow":["GET"]}}],"collection":[{"href":"https:\/\/christusnews.de\/site\/wp-json\/wp\/v2\/posts"}],"about":[{"href":"https:\/\/christusnews.de\/site\/wp-json\/wp\/v2\/types\/post"}],"author":[{"embeddable":true,"href":"https:\/\/christusnews.de\/site\/wp-json\/wp\/v2\/users\/7"}],"replies":[{"embeddable":true,"href":"https:\/\/christusnews.de\/site\/wp-json\/wp\/v2\/comments?post=24340"}],"version-history":[{"count":1,"href":"https:\/\/christusnews.de\/site\/wp-json\/wp\/v2\/posts\/24340\/revisions"}],"predecessor-version":[{"id":24341,"href":"https:\/\/christusnews.de\/site\/wp-json\/wp\/v2\/posts\/24340\/revisions\/24341"}],"wp:attachment":[{"href":"https:\/\/christusnews.de\/site\/wp-json\/wp\/v2\/media?parent=24340"}],"wp:term":[{"taxonomy":"category","embeddable":true,"href":"https:\/\/christusnews.de\/site\/wp-json\/wp\/v2\/categories?post=24340"},{"taxonomy":"post_tag","embeddable":true,"href":"https:\/\/christusnews.de\/site\/wp-json\/wp\/v2\/tags?post=24340"}],"curies":[{"name":"wp","href":"https:\/\/api.w.org\/{rel}","templated":true}]}}