{"id":24342,"date":"2023-06-09T14:35:00","date_gmt":"2023-06-09T12:35:00","guid":{"rendered":"https:\/\/christusnews.de\/site\/kirchenpraesidentin-bei-der-wieden-kritisiert-asylkompromiss\/"},"modified":"2023-06-12T23:17:25","modified_gmt":"2023-06-12T21:17:25","slug":"kirchenpraesidentin-bei-der-wieden-kritisiert-asylkompromiss","status":"publish","type":"post","link":"https:\/\/christusnews.de\/site\/kirchenpraesidentin-bei-der-wieden-kritisiert-asylkompromiss\/","title":{"rendered":"Kirchenpr\u00e4sidentin Bei der Wieden kritisiert Asylkompromiss"},"content":{"rendered":"<p class=\"MsoPlainText\">Leer\/N\u00fcrnberg (epd). Die evangelisch-reformierte Kirchenpr\u00e4sidentin Susanne Bei der Wieden und der Gr\u00fcne Bundestagsabgeordnete Julian Pahlke aus Leer haben am Donnerstagabend beim Kirchentag in N\u00fcrnberg ein Bekenntnis zu einer humanen EU-Fl\u00fcchtlings- und Asylpolitik abgegeben. Als Kernsatz ihres Politischen Gebets formulierten sie:&nbsp;\u00abMan l\u00e4sst keine Menschen ertrinken und vor der eigenen T\u00fcr verenden.&nbsp;Punkt.\u00bb Dieser Satz sei auch als eine Reaktion auf die neuen Asylregeln zu verstehen, auf die sich die EU-Innenminister am selben Abend kurz zuvor geeinigt hatten.<\/p>\n<p class=\"MsoPlainText\">&nbsp;<\/p>\n<p class=\"MsoPlainText\">Bei der Wieden kritisierte, es werde diskutiert, ob verhindert werden k\u00f6rne, dass Menschen auf der Suche nach Asyl \u00fcberhaupt erst europ\u00e4ischen Boden betreten. An den Grenzen Europas solle entschieden werden zwischen denen, die herein d\u00fcrfen und denen, die dann drau\u00dfen bleiben m\u00fcssen. \u00abDie, die dann drau\u00dfen bleiben m\u00fcssen, die werden vor der T\u00fcr stranden. Und wenn sie nicht wieder nach Hause gehen k\u00f6nnen, dann ist das die Endstation. Ein Elendslager vor der T\u00fcr. Welch eine Perspektive.\u00bb<\/p>\n<p class=\"MsoPlainText\">&nbsp;<\/p>\n<p class=\"MsoPlainText\">Pahlke sagte, das kollektive Menschenbild werde auf eine harte Probe gestellt. Es drohe eine \u00abUnterscheidung der Wertigkeit von Leben, die vor unser aller Augen aufgemacht wird, ohne dass es einen kollektiven Aufschrei gibt.\u00bb Er forderte die Kirchen auf, sich zu engagieren: \u00abGerade, wenn es um so essenzielle Themen wie Flucht, menschliche Schicksale und historische Grundrechte geht, ist doch ein Aufstehen gefragt, ein sich sch\u00fctzendes Davorwerfen.\u00bb<\/p>\n<p class=\"MsoPlainText\">&nbsp;<\/p>\n<p class=\"MsoPlainText\">Die Kirchenpr\u00e4sidentin hatte Pahlke zu dem Politischen Gebet zur Nacht zum Thema Flucht und Seenotrettung eingeladen. Vor seiner Wahl in den Bundestag hatte er mehrere Jahre auf einem Schiff im Mittelmeer aktive Seenotrettung betrieben.<\/p>\n<p>Kirche-Oldenburg<br \/>\n<a href=\"https:\/\/www.kirche-oldenburg.de\/\/aktuell\/news-niedersachsen\/artikel\/kirchenpraesidentin-bei-der-wieden-kritisiert-asylkompromiss\" target=\"_blank\" rel=\"noopener\">Kirchenpr\u00e4sidentin Bei der Wieden kritisiert Asylkompromiss<\/a><\/p>\n","protected":false},"excerpt":{"rendered":"<p>Leer\/N\u00fcrnberg (epd). Die evangelisch-reformierte Kirchenpr\u00e4sidentin Susanne Bei der Wieden und der Gr\u00fcne Bundestagsabgeordnete Julian Pahlke aus Leer haben am Donnerstagabend beim Kirchentag in N\u00fcrnberg ein Bekenntnis zu einer humanen EU-Fl\u00fcchtlings- und Asylpolitik abgegeben. Als Kernsatz ihres Politischen Gebets formulierten sie:&nbsp;\u00abMan l\u00e4sst keine Menschen ertrinken und vor der eigenen T\u00fcr verenden.&nbsp;Punkt.\u00bb Dieser Satz sei auch als eine Reaktion auf die neuen Asylregeln zu verstehen, auf die sich die EU-Innenminister am selben Abend kurz zuvor geeinigt hatten. &nbsp; Bei der Wieden kritisierte, es werde diskutiert, ob verhindert werden k\u00f6rne, dass Menschen auf der Suche nach Asyl \u00fcberhaupt erst europ\u00e4ischen Boden betreten. An&#8230;<\/p>\n","protected":false},"author":7,"featured_media":0,"comment_status":"false","ping_status":"open","sticky":false,"template":"","format":"standard","meta":{"footnotes":""},"categories":[43],"tags":[44],"class_list":["post-24342","post","type-post","status-publish","format-standard","hentry","category-kirche-oldenburg","tag-kirche-oldenburg"],"_links":{"self":[{"href":"https:\/\/christusnews.de\/site\/wp-json\/wp\/v2\/posts\/24342","targetHints":{"allow":["GET"]}}],"collection":[{"href":"https:\/\/christusnews.de\/site\/wp-json\/wp\/v2\/posts"}],"about":[{"href":"https:\/\/christusnews.de\/site\/wp-json\/wp\/v2\/types\/post"}],"author":[{"embeddable":true,"href":"https:\/\/christusnews.de\/site\/wp-json\/wp\/v2\/users\/7"}],"replies":[{"embeddable":true,"href":"https:\/\/christusnews.de\/site\/wp-json\/wp\/v2\/comments?post=24342"}],"version-history":[{"count":1,"href":"https:\/\/christusnews.de\/site\/wp-json\/wp\/v2\/posts\/24342\/revisions"}],"predecessor-version":[{"id":24343,"href":"https:\/\/christusnews.de\/site\/wp-json\/wp\/v2\/posts\/24342\/revisions\/24343"}],"wp:attachment":[{"href":"https:\/\/christusnews.de\/site\/wp-json\/wp\/v2\/media?parent=24342"}],"wp:term":[{"taxonomy":"category","embeddable":true,"href":"https:\/\/christusnews.de\/site\/wp-json\/wp\/v2\/categories?post=24342"},{"taxonomy":"post_tag","embeddable":true,"href":"https:\/\/christusnews.de\/site\/wp-json\/wp\/v2\/tags?post=24342"}],"curies":[{"name":"wp","href":"https:\/\/api.w.org\/{rel}","templated":true}]}}