{"id":24346,"date":"2023-06-12T09:50:00","date_gmt":"2023-06-12T07:50:00","guid":{"rendered":"https:\/\/christusnews.de\/site\/lutheraner-zu-oekumenischen-gespraechen-in-rom\/"},"modified":"2023-06-13T11:17:25","modified_gmt":"2023-06-13T09:17:25","slug":"lutheraner-zu-oekumenischen-gespraechen-in-rom","status":"publish","type":"post","link":"https:\/\/christusnews.de\/site\/lutheraner-zu-oekumenischen-gespraechen-in-rom\/","title":{"rendered":"Lutheraner zu \u00f6kumenischen Gespr\u00e4chen in Rom"},"content":{"rendered":"<p class=\"MsoPlainText\">Hannover\/Rom (epd). Deutsche Lutheraner halten sich in dieser Woche zu \u00f6kumenischen Gespr\u00e4chen in Rom auf. Wie das Deutsche Nationalkomitee des Lutherischen Weltbundes (DNK\/LWB) mitteilte, sind dabei bis 15. Juni Begegnungen mit dem \u00ab\u00d6kumene-Minister\u00bb des Vatikans, dem Schweizer Kardinal Kurt Koch, sowie Vertretern der Evangelisch-Lutherischen Kirche in Italien (ELKI) geplant.<\/p>\n<p class=\"MsoPlainText\">&nbsp;<\/p>\n<p class=\"MsoPlainText\">Auch ein Treffen mit der christlichen Laienbewegung Sant&#8217;Egidio steht auf dem Programm sowie ein Austausch mit dem Deutschen Botschafter beim Heiligen Stuhl, Bernhard Kotsch, hie\u00df es weiter. In der Basilica di San Bartolomeo will die Delegation der M\u00e4rtyrerinnen und M\u00e4rtyrer des 20. und 21. Jahrhunderts gedenken.<\/p>\n<p class=\"MsoPlainText\">&nbsp;<\/p>\n<p class=\"MsoPlainText\">Die Delegation wird geleitet vom DNK\/LWB-Vorsitzenden, dem w\u00fcrttembergischen Altlandesbischof Frank Otfried July. Weitere Teilnehmer sind die Landesbisch\u00f6fin der Evangelisch-Lutherischen Kirche in Norddeutschland (Nordkirche), Kristina K\u00fchnbaum-Schmidt, sowie Karl-Hinrich Manzke, der Catholica-Beauftragte der Vereinigten Evangelisch-Lutherischen Kirche Deutschlands (VELKD) und Landesbischof der Evangelisch-Lutherischen Landeskirche Schaumburg-Lippe.<\/p>\n<p class=\"MsoPlainText\">&nbsp;<\/p>\n<p class=\"MsoPlainText\">Die deutschen lutherischen Kirchen unterhalten traditionell enge Kontakte zur r\u00f6misch-katholischen Kirche. Die regelm\u00e4\u00dfigen Begegnungen im Vatikan dienen den Angaben zufolge dazu, die \u00f6kumenischen Gespr\u00e4che des Lutherischen Weltbundes (LWB) auf Weltebene mit den Gespr\u00e4chen in Deutschland zu verbinden.<\/p>\n<p class=\"MsoPlainText\">&nbsp;<\/p>\n<p class=\"MsoPlainText\">Das Deutsche Nationalkomitee vertritt die elf deutschen Mitgliedskirchen im Lutherischen Weltbund. Diese umfassen \u00fcber zehn Millionen Gemeindeglieder. Der Lutherische Weltbund wurde 1947 gegr\u00fcndet und z\u00e4hlt heute 149 Mitgliedskirchen in 99 L\u00e4ndern weltweit. Ihnen geh\u00f6ren knapp 78 Millionen Christinnen und Christen an. Er engagiert sich im Dialog zwischen den Mitgliedskirchen ebenso wie in der \u00d6kumene, in der humanit\u00e4ren Hilfe und der diakonischen Arbeit.<\/p>\n<p>Kirche-Oldenburg<br \/>\n<a href=\"https:\/\/www.kirche-oldenburg.de\/\/aktuell\/news-niedersachsen\/artikel\/lutheraner-zu-oekumenischen-gespraechen-in-rom\" target=\"_blank\" rel=\"noopener\">Lutheraner zu \u00f6kumenischen Gespr\u00e4chen in Rom<\/a><\/p>\n","protected":false},"excerpt":{"rendered":"<p>Hannover\/Rom (epd). Deutsche Lutheraner halten sich in dieser Woche zu \u00f6kumenischen Gespr\u00e4chen in Rom auf. Wie das Deutsche Nationalkomitee des Lutherischen Weltbundes (DNK\/LWB) mitteilte, sind dabei bis 15. Juni Begegnungen mit dem \u00ab\u00d6kumene-Minister\u00bb des Vatikans, dem Schweizer Kardinal Kurt Koch, sowie Vertretern der Evangelisch-Lutherischen Kirche in Italien (ELKI) geplant. &nbsp; Auch ein Treffen mit der christlichen Laienbewegung Sant&#8217;Egidio steht auf dem Programm sowie ein Austausch mit dem Deutschen Botschafter beim Heiligen Stuhl, Bernhard Kotsch, hie\u00df es weiter. In der Basilica di San Bartolomeo will die Delegation der M\u00e4rtyrerinnen und M\u00e4rtyrer des 20. und 21. Jahrhunderts gedenken. &nbsp; Die Delegation wird&#8230;<\/p>\n","protected":false},"author":7,"featured_media":0,"comment_status":"false","ping_status":"open","sticky":false,"template":"","format":"standard","meta":{"footnotes":""},"categories":[43],"tags":[44],"class_list":["post-24346","post","type-post","status-publish","format-standard","hentry","category-kirche-oldenburg","tag-kirche-oldenburg"],"_links":{"self":[{"href":"https:\/\/christusnews.de\/site\/wp-json\/wp\/v2\/posts\/24346","targetHints":{"allow":["GET"]}}],"collection":[{"href":"https:\/\/christusnews.de\/site\/wp-json\/wp\/v2\/posts"}],"about":[{"href":"https:\/\/christusnews.de\/site\/wp-json\/wp\/v2\/types\/post"}],"author":[{"embeddable":true,"href":"https:\/\/christusnews.de\/site\/wp-json\/wp\/v2\/users\/7"}],"replies":[{"embeddable":true,"href":"https:\/\/christusnews.de\/site\/wp-json\/wp\/v2\/comments?post=24346"}],"version-history":[{"count":1,"href":"https:\/\/christusnews.de\/site\/wp-json\/wp\/v2\/posts\/24346\/revisions"}],"predecessor-version":[{"id":24347,"href":"https:\/\/christusnews.de\/site\/wp-json\/wp\/v2\/posts\/24346\/revisions\/24347"}],"wp:attachment":[{"href":"https:\/\/christusnews.de\/site\/wp-json\/wp\/v2\/media?parent=24346"}],"wp:term":[{"taxonomy":"category","embeddable":true,"href":"https:\/\/christusnews.de\/site\/wp-json\/wp\/v2\/categories?post=24346"},{"taxonomy":"post_tag","embeddable":true,"href":"https:\/\/christusnews.de\/site\/wp-json\/wp\/v2\/tags?post=24346"}],"curies":[{"name":"wp","href":"https:\/\/api.w.org\/{rel}","templated":true}]}}