{"id":24363,"date":"2023-06-13T11:52:00","date_gmt":"2023-06-13T09:52:00","guid":{"rendered":"https:\/\/christusnews.de\/site\/praesidentin-der-bremischen-kirche-wird-70-jahre-alt\/"},"modified":"2023-06-14T23:18:24","modified_gmt":"2023-06-14T21:18:24","slug":"praesidentin-der-bremischen-kirche-wird-70-jahre-alt","status":"publish","type":"post","link":"https:\/\/christusnews.de\/site\/praesidentin-der-bremischen-kirche-wird-70-jahre-alt\/","title":{"rendered":"Pr\u00e4sidentin der Bremischen Kirche wird 70 Jahre alt"},"content":{"rendered":"<p class=\"MsoPlainText\">Bremen (epd). Die ehrenamtliche Pr\u00e4sidentin der Bremischen Evangelischen Kirche, Edda Bosse, feiert an diesem Freitag (16. Juni) ihren 70. Geburtstag. Die Bremische Kirche werde sie an ihrem Geburtstag mit einer Andacht im Hochchor des St. Petri-Dom w\u00fcrdigen, teilte Kirchensprecherin Sabine Hatscher mit. Der leitende Theologe Pastor Bernd Kuschnerus nannte Bosse einen \u00abGl\u00fccksfall f\u00fcr unsere Kirche\u00bb. Sie leiste seit Jahrzehnten ehrenamtlich eine gro\u00dfartige Arbeit. \u00abIhre Beherztheit und Zuversicht sind f\u00fcr unsere Kirche inspirierend.\u00bb<\/p>\n<p class=\"MsoPlainText\">&nbsp;<\/p>\n<p class=\"MsoPlainText\">Gepr\u00e4gt durch den politischen und gesellschaftlichen Aufbruch der 1968er Jahre, pers\u00f6nliche Schicksalsschl\u00e4ge und ihre Arbeit im familieneigenen Unternehmen habe Bosse gelernt zuzuh\u00f6ren, im Team zu arbeiten und fachlichen Rat von au\u00dfen zu respektieren, hie\u00df es. Das bringe sie auch in ihre kirchliche Arbeit ein: \u00abKirche darf nicht im eigenen Saft schmoren.\u00bb<\/p>\n<p class=\"MsoPlainText\">&nbsp;<\/p>\n<p class=\"MsoPlainText\">Bosse wurde 1953 in Bremen geboren. Die Germanistin aus der traditionsreichen Bremer Kaufmannsfamilie Lamotte ist seit 2013 Pr\u00e4sidentin des Kirchenausschusses der Bremischen Evangelischen Kirche. Damit hat sie das h\u00f6chste Ehrenamt ihrer Kirche inne. Vorher war sie bereits von 1993 bis 2002 Mitglied im Konvent des St. Petri Dom und zehn Jahre lang \u00abBauherrin\u00bb der dazu geh\u00f6renden Innenstadtgemeinde. Bosse ist Mutter von drei erwachsenen S\u00f6hnen und Gro\u00dfmutter von mittlerweile neun Enkelkindern.<\/p>\n<p>Kirche-Oldenburg<br \/>\n<a href=\"https:\/\/www.kirche-oldenburg.de\/\/aktuell\/news-niedersachsen\/artikel\/praesidentin-der-bremischen-kirche-wird-70-jahre-alt\" target=\"_blank\" rel=\"noopener\">Pr\u00e4sidentin der Bremischen Kirche wird 70 Jahre alt<\/a><\/p>\n","protected":false},"excerpt":{"rendered":"<p>Bremen (epd). Die ehrenamtliche Pr\u00e4sidentin der Bremischen Evangelischen Kirche, Edda Bosse, feiert an diesem Freitag (16. Juni) ihren 70. Geburtstag. Die Bremische Kirche werde sie an ihrem Geburtstag mit einer Andacht im Hochchor des St. Petri-Dom w\u00fcrdigen, teilte Kirchensprecherin Sabine Hatscher mit. Der leitende Theologe Pastor Bernd Kuschnerus nannte Bosse einen \u00abGl\u00fccksfall f\u00fcr unsere Kirche\u00bb. Sie leiste seit Jahrzehnten ehrenamtlich eine gro\u00dfartige Arbeit. \u00abIhre Beherztheit und Zuversicht sind f\u00fcr unsere Kirche inspirierend.\u00bb &nbsp; Gepr\u00e4gt durch den politischen und gesellschaftlichen Aufbruch der 1968er Jahre, pers\u00f6nliche Schicksalsschl\u00e4ge und ihre Arbeit im familieneigenen Unternehmen habe Bosse gelernt zuzuh\u00f6ren, im Team zu arbeiten und&#8230;<\/p>\n","protected":false},"author":7,"featured_media":0,"comment_status":"false","ping_status":"open","sticky":false,"template":"","format":"standard","meta":{"footnotes":""},"categories":[43],"tags":[44],"class_list":["post-24363","post","type-post","status-publish","format-standard","hentry","category-kirche-oldenburg","tag-kirche-oldenburg"],"_links":{"self":[{"href":"https:\/\/christusnews.de\/site\/wp-json\/wp\/v2\/posts\/24363","targetHints":{"allow":["GET"]}}],"collection":[{"href":"https:\/\/christusnews.de\/site\/wp-json\/wp\/v2\/posts"}],"about":[{"href":"https:\/\/christusnews.de\/site\/wp-json\/wp\/v2\/types\/post"}],"author":[{"embeddable":true,"href":"https:\/\/christusnews.de\/site\/wp-json\/wp\/v2\/users\/7"}],"replies":[{"embeddable":true,"href":"https:\/\/christusnews.de\/site\/wp-json\/wp\/v2\/comments?post=24363"}],"version-history":[{"count":1,"href":"https:\/\/christusnews.de\/site\/wp-json\/wp\/v2\/posts\/24363\/revisions"}],"predecessor-version":[{"id":24364,"href":"https:\/\/christusnews.de\/site\/wp-json\/wp\/v2\/posts\/24363\/revisions\/24364"}],"wp:attachment":[{"href":"https:\/\/christusnews.de\/site\/wp-json\/wp\/v2\/media?parent=24363"}],"wp:term":[{"taxonomy":"category","embeddable":true,"href":"https:\/\/christusnews.de\/site\/wp-json\/wp\/v2\/categories?post=24363"},{"taxonomy":"post_tag","embeddable":true,"href":"https:\/\/christusnews.de\/site\/wp-json\/wp\/v2\/tags?post=24363"}],"curies":[{"name":"wp","href":"https:\/\/api.w.org\/{rel}","templated":true}]}}