{"id":24365,"date":"2023-06-14T15:13:14","date_gmt":"2023-06-14T13:13:14","guid":{"rendered":"https:\/\/christusnews.de\/site\/gerade-laufen-die-vorbereitungen-fuer-die-sommercamps-auf-hochtouren-so-viele-leute-in-unseren-teams-stecken-viel-energie-in-einen-tollen-sommer-fuer-kinder-und-jugendliche-der-herbst-ist-dann-eine\/"},"modified":"2023-06-14T23:18:26","modified_gmt":"2023-06-14T21:18:26","slug":"gerade-laufen-die-vorbereitungen-fuer-die-sommercamps-auf-hochtouren-so-viele-leute-in-unseren-teams-stecken-viel-energie-in-einen-tollen-sommer-fuer-kinder-und-jugendliche-der-herbst-ist-dann-eine","status":"publish","type":"post","link":"https:\/\/christusnews.de\/site\/gerade-laufen-die-vorbereitungen-fuer-die-sommercamps-auf-hochtouren-so-viele-leute-in-unseren-teams-stecken-viel-energie-in-einen-tollen-sommer-fuer-kinder-und-jugendliche-der-herbst-ist-dann-eine\/","title":{"rendered":"Gerade laufen die Vorbereitungen f\u00fcr die Sommercamps auf Hochtouren. So viele Leute in unseren Teams stecken viel Energie in einen tollen Sommer f\u00fcr Kinder und Jugendliche.\n\nDer Herbst ist dann eine gute Gelegenheit, nochmal zu einer anderen Camp-Woche aufzubrechen und Kraft zu tanken: Wir fahren nach Taiz\u00e9 \/ Frankreich zu den gro\u00dfen Jugendtreffen in einem \u00f6kumenischen Kloster. Taiz\u00e9 &#8211; das ist Begegnung und Spa\u00df, Singen, Beten und Stille, Austausch und Spiel und noch viel mehr.\n\nJugendliche (ab 15) und junge Erwachsene k\u00f6nnen sich \u00fcber das Landesjugendpfarramt f\u00fcr die Fahrt anmelden: https:\/\/landesjugendpfarramt-oldenburg.de\/veranstaltungen\/jugendfahrt-nach-taize-in-den-herbstferien\/"},"content":{"rendered":"<p>Gerade laufen die Vorbereitungen f\u00fcr die Sommercamps auf Hochtouren. So viele Leute in unseren Teams stecken viel Energie in einen tollen Sommer f\u00fcr Kinder und Jugendliche.<\/p>\n<p>Der Herbst ist dann eine gute Gelegenheit, nochmal zu einer anderen Camp-Woche aufzubrechen und Kraft zu tanken: Wir fahren nach Taiz\u00e9 \/ Frankreich zu den gro\u00dfen Jugendtreffen in einem \u00f6kumenischen Kloster. Taiz\u00e9 &#8211; das ist Begegnung und Spa\u00df, Singen, Beten und Stille, Austausch und Spiel und noch viel mehr.<\/p>\n<p>Jugendliche (ab 15) und junge Erwachsene k\u00f6nnen sich \u00fcber das Landesjugendpfarramt f\u00fcr die Fahrt anmelden: https:\/\/landesjugendpfarramt-oldenburg.de\/veranstaltungen\/jugendfahrt-nach-taize-in-den-herbstferien\/<br \/>\nHAVENKIRCHE@FB<br \/>\n<a href=\"https:\/\/www.facebook.com\/396185572708352\/posts\/567757492217825\" target=\"_blank\" rel=\"noopener\">Gerade laufen die Vorbereitungen f\u00fcr die Sommercamps auf Hochtouren. So viele Leute in unseren Teams stecken viel Energie in einen tollen Sommer f\u00fcr Kinder und Jugendliche.<\/p>\n<p>Der Herbst ist dann eine gute Gelegenheit, nochmal zu einer anderen Camp-Woche aufzubrechen und Kraft zu tanken: Wir fahren nach Taiz\u00e9 \/ Frankreich zu den gro\u00dfen Jugendtreffen in einem \u00f6kumenischen Kloster. Taiz\u00e9 &#8211; das ist Begegnung und Spa\u00df, Singen, Beten und Stille, Austausch und Spiel und noch viel mehr.<\/p>\n<p>Jugendliche (ab 15) und junge Erwachsene k\u00f6nnen sich \u00fcber das Landesjugendpfarramt f\u00fcr die Fahrt anmelden: https:\/\/landesjugendpfarramt-oldenburg.de\/veranstaltungen\/jugendfahrt-nach-taize-in-den-herbstferien\/<\/a><\/p>\n","protected":false},"excerpt":{"rendered":"<p>Gerade laufen die Vorbereitungen f\u00fcr die Sommercamps auf Hochtouren. So viele Leute in unseren Teams stecken viel Energie in einen tollen Sommer f\u00fcr Kinder und Jugendliche. Der Herbst ist dann eine gute Gelegenheit, nochmal zu einer anderen Camp-Woche aufzubrechen und Kraft zu tanken: Wir fahren nach Taiz\u00e9 \/ Frankreich zu den gro\u00dfen Jugendtreffen in einem \u00f6kumenischen Kloster. Taiz\u00e9 &#8211; das ist Begegnung und Spa\u00df, Singen, Beten und Stille, Austausch und Spiel und noch viel mehr. Jugendliche (ab 15) und junge Erwachsene k\u00f6nnen sich \u00fcber das Landesjugendpfarramt f\u00fcr die Fahrt anmelden: https:\/\/landesjugendpfarramt-oldenburg.de\/veranstaltungen\/jugendfahrt-nach-taize-in-den-herbstferien\/ HAVENKIRCHE@FB Gerade laufen die Vorbereitungen f\u00fcr die Sommercamps auf&#8230;<\/p>\n","protected":false},"author":6,"featured_media":0,"comment_status":"false","ping_status":"open","sticky":false,"template":"","format":"standard","meta":{"footnotes":""},"categories":[75],"tags":[76],"class_list":["post-24365","post","type-post","status-publish","format-standard","hentry","category-havenkirche","tag-havenkirche"],"_links":{"self":[{"href":"https:\/\/christusnews.de\/site\/wp-json\/wp\/v2\/posts\/24365","targetHints":{"allow":["GET"]}}],"collection":[{"href":"https:\/\/christusnews.de\/site\/wp-json\/wp\/v2\/posts"}],"about":[{"href":"https:\/\/christusnews.de\/site\/wp-json\/wp\/v2\/types\/post"}],"author":[{"embeddable":true,"href":"https:\/\/christusnews.de\/site\/wp-json\/wp\/v2\/users\/6"}],"replies":[{"embeddable":true,"href":"https:\/\/christusnews.de\/site\/wp-json\/wp\/v2\/comments?post=24365"}],"version-history":[{"count":1,"href":"https:\/\/christusnews.de\/site\/wp-json\/wp\/v2\/posts\/24365\/revisions"}],"predecessor-version":[{"id":24366,"href":"https:\/\/christusnews.de\/site\/wp-json\/wp\/v2\/posts\/24365\/revisions\/24366"}],"wp:attachment":[{"href":"https:\/\/christusnews.de\/site\/wp-json\/wp\/v2\/media?parent=24365"}],"wp:term":[{"taxonomy":"category","embeddable":true,"href":"https:\/\/christusnews.de\/site\/wp-json\/wp\/v2\/categories?post=24365"},{"taxonomy":"post_tag","embeddable":true,"href":"https:\/\/christusnews.de\/site\/wp-json\/wp\/v2\/tags?post=24365"}],"curies":[{"name":"wp","href":"https:\/\/api.w.org\/{rel}","templated":true}]}}