{"id":24369,"date":"2023-06-14T09:46:00","date_gmt":"2023-06-14T07:46:00","guid":{"rendered":"https:\/\/christusnews.de\/site\/bad-zwischenahn-gewinnt-zukunftspreis\/"},"modified":"2023-06-15T11:18:12","modified_gmt":"2023-06-15T09:18:12","slug":"bad-zwischenahn-gewinnt-zukunftspreis","status":"publish","type":"post","link":"https:\/\/christusnews.de\/site\/bad-zwischenahn-gewinnt-zukunftspreis\/","title":{"rendered":"Bad Zwischenahn gewinnt Zukunftspreis"},"content":{"rendered":"<p class=\"MsoPlainText\">Bad Zwischenahn\/Spelle (epd). Die Gemeinde Bad Zwischenahn bei Oldenburg hat f\u00fcr ein innovatives Konzept zur Freifl\u00e4chennutzung f\u00fcr erneuerbare Energien den Thorsten-Bullerdiek-Zukunftspreis des Nieders\u00e4chsischen St\u00e4dte- und Gemeindebunds erhalten. Die mit 5.000 Euro dotierte Ehrung zeige, dass St\u00e4dte, Gemeinden und Samtgemeinden zu den Zielen der Energiewende und des Klimaschutzes st\u00fcnden, sagte Verbandspr\u00e4sident Marco Trips am Mittwoch bei der j\u00e4hrlichen Mitgliederversammlung des St\u00e4dte- und Gemeindebundes in Spelle im Emsland.<\/p>\n<p class=\"MsoPlainText\">&nbsp;<\/p>\n<p class=\"MsoPlainText\">Der Jury-Vorsitzende und Staatssekret\u00e4r Matthias Wunderling-Weilbier sagte, Bad Zwischenahn gehe mit seinem Konzept ein zentrales Zukunftsthema vorbildlich an. Das ausgezeichnete Konzept verdeutliche, wie der kontrollierte Zubau etwa von Photovoltaik in einer touristisch gepr\u00e4gten Region m\u00f6glich sei. Mit dem Preis erinnert der St\u00e4dte- und Gemeindebund an seinen fr\u00fchere Pressesprecher Thorsten Bullerdiek, der 2021 gestorben war.<\/p>\n<p>Kirche-Oldenburg<br \/>\n<a href=\"https:\/\/www.kirche-oldenburg.de\/\/aktuell\/news-niedersachsen\/artikel\/bad-zwischenahn-gewinnt-zukunftspreis\" target=\"_blank\" rel=\"noopener\">Bad Zwischenahn gewinnt Zukunftspreis<\/a><\/p>\n","protected":false},"excerpt":{"rendered":"<p>Bad Zwischenahn\/Spelle (epd). Die Gemeinde Bad Zwischenahn bei Oldenburg hat f\u00fcr ein innovatives Konzept zur Freifl\u00e4chennutzung f\u00fcr erneuerbare Energien den Thorsten-Bullerdiek-Zukunftspreis des Nieders\u00e4chsischen St\u00e4dte- und Gemeindebunds erhalten. Die mit 5.000 Euro dotierte Ehrung zeige, dass St\u00e4dte, Gemeinden und Samtgemeinden zu den Zielen der Energiewende und des Klimaschutzes st\u00fcnden, sagte Verbandspr\u00e4sident Marco Trips am Mittwoch bei der j\u00e4hrlichen Mitgliederversammlung des St\u00e4dte- und Gemeindebundes in Spelle im Emsland. &nbsp; Der Jury-Vorsitzende und Staatssekret\u00e4r Matthias Wunderling-Weilbier sagte, Bad Zwischenahn gehe mit seinem Konzept ein zentrales Zukunftsthema vorbildlich an. Das ausgezeichnete Konzept verdeutliche, wie der kontrollierte Zubau etwa von Photovoltaik in einer touristisch gepr\u00e4gten&#8230;<\/p>\n","protected":false},"author":7,"featured_media":0,"comment_status":"false","ping_status":"open","sticky":false,"template":"","format":"standard","meta":{"footnotes":""},"categories":[43],"tags":[44],"class_list":["post-24369","post","type-post","status-publish","format-standard","hentry","category-kirche-oldenburg","tag-kirche-oldenburg"],"_links":{"self":[{"href":"https:\/\/christusnews.de\/site\/wp-json\/wp\/v2\/posts\/24369","targetHints":{"allow":["GET"]}}],"collection":[{"href":"https:\/\/christusnews.de\/site\/wp-json\/wp\/v2\/posts"}],"about":[{"href":"https:\/\/christusnews.de\/site\/wp-json\/wp\/v2\/types\/post"}],"author":[{"embeddable":true,"href":"https:\/\/christusnews.de\/site\/wp-json\/wp\/v2\/users\/7"}],"replies":[{"embeddable":true,"href":"https:\/\/christusnews.de\/site\/wp-json\/wp\/v2\/comments?post=24369"}],"version-history":[{"count":1,"href":"https:\/\/christusnews.de\/site\/wp-json\/wp\/v2\/posts\/24369\/revisions"}],"predecessor-version":[{"id":24370,"href":"https:\/\/christusnews.de\/site\/wp-json\/wp\/v2\/posts\/24369\/revisions\/24370"}],"wp:attachment":[{"href":"https:\/\/christusnews.de\/site\/wp-json\/wp\/v2\/media?parent=24369"}],"wp:term":[{"taxonomy":"category","embeddable":true,"href":"https:\/\/christusnews.de\/site\/wp-json\/wp\/v2\/categories?post=24369"},{"taxonomy":"post_tag","embeddable":true,"href":"https:\/\/christusnews.de\/site\/wp-json\/wp\/v2\/tags?post=24369"}],"curies":[{"name":"wp","href":"https:\/\/api.w.org\/{rel}","templated":true}]}}