{"id":24375,"date":"2023-06-16T13:48:53","date_gmt":"2023-06-16T11:48:53","guid":{"rendered":"https:\/\/christusnews.de\/site\/oldenburgische-kirche-feiert-gruendung-vor-450-jahren\/"},"modified":"2023-06-16T23:18:19","modified_gmt":"2023-06-16T21:18:19","slug":"oldenburgische-kirche-feiert-gruendung-vor-450-jahren","status":"publish","type":"post","link":"https:\/\/christusnews.de\/site\/oldenburgische-kirche-feiert-gruendung-vor-450-jahren\/","title":{"rendered":"Oldenburgische Kirche feiert Gr\u00fcndung vor 450 Jahren"},"content":{"rendered":"<p>Die Evangelisch-Lutherische Kirche in Oldenburg feiert am 1. und 2. Juli ihre Gr\u00fcndung vor 450 Jahren. Am 15. Juli 1573 verk\u00fcndeten die Grafen Johann VII. und Anton II. eine Kirchenordnung, die die kirchlichen Verh\u00e4ltnisse in der Grafschaft Oldenburg neu ordnete. Mit der neuen Ordnung sei eine evangelische Landeskirche entstanden, die sich aus dem Verband des Erzbistums Bremen gel\u00f6st hatte.<br \/>\n&nbsp; &nbsp;<br \/>\nF\u00fcr den Sonnabend, 1. Juli, sind in der Oldenburger St. Lamberti-Kirche geschichtliche Fachvortr\u00e4ge und ein Konzert geplant. Am Sonntag, 2. Juli, soll ein Gottesdienst mit Bischof Thomas Adomeit nach der Kirchenordnung von 1573 gefeiert werden.<br \/>\n&nbsp; &nbsp;<br \/>\nRund 40 Jahre nach den ersten evangelischen Anf\u00e4ngen sei mit der Kirchenordnung von 1573 die Reformation in Oldenburg formal zum Abschluss gebracht worden, hie\u00df es. Der erste evangelische oldenburgische Superintendent &#8211; eine Art Vorg\u00e4nger im Bischofsamt &#8211; war Hermann Hamelmann (1526 bis 1595), der in der Lambertikirche predigte.<br \/>\n&nbsp; &nbsp;<br \/>\n<strong>Zum Programm:<\/strong><br \/>\nAm Sonnabend, dem 1. Juli, beleuchten drei Vortr\u00e4ge das Geschehen der Reformationszeit in Oldenburg. Um 11 Uhr beginnt Pastor Dr. Tim Unger (Wiefelstede) und erl\u00e4utert die Vorg\u00e4nge im Oldenburger Land bis zur Entstehung der Kirchenordnung.&nbsp;<br \/>\nUm 12 Uhr unterbricht eine festliche Musik zur Marktzeit in der Lambertikirche die Reihe der Vortr\u00e4ge. Die Capella St. Lamberti singt unter der Leitung von KMD Tobias G\u00f6tting Musik von der Renaissance bis zur Moderne.<br \/>\nUm 14 Uhr nimmt Prof. Dr. Andrea Str\u00fcbind im Lambertus-Saal die Reihe der Vortr\u00e4ge wieder auf und berichtet von den an der Universit\u00e4t Oldenburg erarbeiteten Forschungsergebnissen zur Geschichte der T\u00e4ufer in Oldenburg nach der Zerschlagung des T\u00e4uferreichs in M\u00fcnster.&nbsp;<br \/>\nUm 14.45 w\u00fcrdigt Pfarrer Dr. Ralph Hennings das Leben von Graf Anton I.. Am Beginn seiner langen Regentschaft begann die Reformation in Oldenburg, aber am Ende seines Lebens gab es immer noch keine Kirchenordnung. Es blieb seinen S\u00f6hnen vorbehalten den Prozess der Bildung einer evangelischen Kirche in der Grafschaft Oldenburg mit der von Hermann Hamelmamn geschaffenen Kirchenordnung von 1573 abzuschlie\u00dfen.<br \/>\n&nbsp; &nbsp;<br \/>\nAm Sonntag 2. Juli um 10 Uhr wird in der St. Lamberti-Kirche ein Gottesdienst nach der Ordnung von 1573 gefeiert. Die Predigt h\u00e4lt der Bischof der Ev.-Luth. Kirche in Oldenburg, Thomas Adomeit.&nbsp;<br \/>\n&nbsp; &nbsp;<br \/>\nDer Eintritt zu allen Veranstaltungen ist frei. Bei der Musik zur Marktzeit wird um eine Kollekte f\u00fcr die Kirchenmusik gebeten. Die Vortr\u00e4ge finden im Lambertus-Saal der St. Lamberti-Kirche, Markt 17, 26122 Oldenburg statt. Der Eingang ist gegen\u00fcber der NORD\/LB.<\/p>\n<p>Kirche-Oldenburg<br \/>\n<a href=\"https:\/\/www.kirche-oldenburg.de\/\/aktuell\/pressemitteilungen\/artikel\/oldenburgische-kirche-feiert-gruendung-vor-450-jahren\" target=\"_blank\" rel=\"noopener\">Oldenburgische Kirche feiert Gr\u00fcndung vor 450 Jahren<\/a><\/p>\n","protected":false},"excerpt":{"rendered":"<p>Die Evangelisch-Lutherische Kirche in Oldenburg feiert am 1. und 2. Juli ihre Gr\u00fcndung vor 450 Jahren. Am 15. Juli 1573 verk\u00fcndeten die Grafen Johann VII. und Anton II. eine Kirchenordnung, die die kirchlichen Verh\u00e4ltnisse in der Grafschaft Oldenburg neu ordnete. Mit der neuen Ordnung sei eine evangelische Landeskirche entstanden, die sich aus dem Verband des Erzbistums Bremen gel\u00f6st hatte. &nbsp; &nbsp; F\u00fcr den Sonnabend, 1. Juli, sind in der Oldenburger St. Lamberti-Kirche geschichtliche Fachvortr\u00e4ge und ein Konzert geplant. Am Sonntag, 2. Juli, soll ein Gottesdienst mit Bischof Thomas Adomeit nach der Kirchenordnung von 1573 gefeiert werden. &nbsp; &nbsp; Rund 40&#8230;<\/p>\n","protected":false},"author":7,"featured_media":0,"comment_status":"false","ping_status":"open","sticky":false,"template":"","format":"standard","meta":{"footnotes":""},"categories":[43],"tags":[44],"class_list":["post-24375","post","type-post","status-publish","format-standard","hentry","category-kirche-oldenburg","tag-kirche-oldenburg"],"_links":{"self":[{"href":"https:\/\/christusnews.de\/site\/wp-json\/wp\/v2\/posts\/24375","targetHints":{"allow":["GET"]}}],"collection":[{"href":"https:\/\/christusnews.de\/site\/wp-json\/wp\/v2\/posts"}],"about":[{"href":"https:\/\/christusnews.de\/site\/wp-json\/wp\/v2\/types\/post"}],"author":[{"embeddable":true,"href":"https:\/\/christusnews.de\/site\/wp-json\/wp\/v2\/users\/7"}],"replies":[{"embeddable":true,"href":"https:\/\/christusnews.de\/site\/wp-json\/wp\/v2\/comments?post=24375"}],"version-history":[{"count":1,"href":"https:\/\/christusnews.de\/site\/wp-json\/wp\/v2\/posts\/24375\/revisions"}],"predecessor-version":[{"id":24376,"href":"https:\/\/christusnews.de\/site\/wp-json\/wp\/v2\/posts\/24375\/revisions\/24376"}],"wp:attachment":[{"href":"https:\/\/christusnews.de\/site\/wp-json\/wp\/v2\/media?parent=24375"}],"wp:term":[{"taxonomy":"category","embeddable":true,"href":"https:\/\/christusnews.de\/site\/wp-json\/wp\/v2\/categories?post=24375"},{"taxonomy":"post_tag","embeddable":true,"href":"https:\/\/christusnews.de\/site\/wp-json\/wp\/v2\/tags?post=24375"}],"curies":[{"name":"wp","href":"https:\/\/api.w.org\/{rel}","templated":true}]}}