{"id":24377,"date":"2023-06-16T20:16:00","date_gmt":"2023-06-16T18:16:00","guid":{"rendered":"https:\/\/christusnews.de\/site\/oldenburger-muensterland-pfarrkonvent-besucht-ecopark\/"},"modified":"2023-06-17T23:19:28","modified_gmt":"2023-06-17T21:19:28","slug":"oldenburger-muensterland-pfarrkonvent-besucht-ecopark","status":"publish","type":"post","link":"https:\/\/christusnews.de\/site\/oldenburger-muensterland-pfarrkonvent-besucht-ecopark\/","title":{"rendered":"Oldenburger M\u00fcnsterland: Pfarrkonvent besucht ecopark"},"content":{"rendered":"<p>\u201eDeshalb geht hinaus in alle Welt\u2026\u201c \u2013 von diesem Jesus Wort aus dem Matth\u00e4us Evangelium lie\u00df sich Kreispfarrerin Martina Wittkowski leiten, als sie den Pfarrkonvent des Ev.-luth. Kirchenkreises Oldenburger M\u00fcnsterland zum Besuch des Zweckverbands ecopark bei Emstek einlud, einem seit 2002 bestehenden Gewerbepark an der A1. \u201eDer Blick \u00fcber den eigenen Tellerrand ist f\u00fcr unsere kirchliche Arbeit besonders wichtig\u201c, betonte die Kreispfarrerin und so erhielten die Pfarrerinnen und Pfarrer einen interessanten Einblick in Struktur und Aufbau des ecoparks, der regionalen Wirtschaftsf\u00f6rderung und der Stelle f\u00fcr Beratung und Unterst\u00fctzung von Startups.&nbsp;<\/p>\n<p>Besonders beeindruckte die Runde das nachhaltige Konzept, dass der Idee dieses Gewerbegebietes zugrunde liegt. Ecopark-Gesch\u00e4ftsf\u00fchrer Uwe Haring verwies auf die vielen Gr\u00fcnfl\u00e4chen, in die sich die Betriebe einf\u00fcgen und ein wichtiger Grund f\u00fcr die Arbeitszufriedenheit ist, aber auch f\u00fcr das gro\u00dfe Interesse vieler Firmen, sich hier anzusiedeln. Dirk Gehrmann, Leiter der Stabsstelle Wirtschaftsf\u00f6rderung beim Landkreis Cloppenburg, erl\u00e4uterte die vielf\u00e4ltigen Angebote, die seine Einrichtung interessierten Unternehmen machen k\u00f6nne und Angela Hoefert stellte die Hilfen f\u00fcr Startups vor, die der Landkreis Unternehmensgr\u00fcndern macht, um sie in unserer Region sesshaft werden zu lassen.&nbsp;<\/p>\n<p>Eine rundum gelungene Veranstaltung mit vielen neuen Eindr\u00fccken, war sich der Pfarrkonvent einig. Und so soll der Besuch weiterer Einrichtungen au\u00dferhalb des kirchlichen Umfeldes folgen.<\/p>\n<p><em>Ein Text von Carsten Homann.<\/em><br \/>\n&nbsp;<\/p>\n<p>Kirche-Oldenburg<br \/>\n<a href=\"https:\/\/www.kirche-oldenburg.de\/\/aktuell\/aus-den-kirchenkreisen\/artikel\/oldenburger-muensterland-pfarrkonvent-besucht-ecopark\" target=\"_blank\" rel=\"noopener\">Oldenburger M\u00fcnsterland: Pfarrkonvent besucht ecopark<\/a><\/p>\n","protected":false},"excerpt":{"rendered":"<p>\u201eDeshalb geht hinaus in alle Welt\u2026\u201c \u2013 von diesem Jesus Wort aus dem Matth\u00e4us Evangelium lie\u00df sich Kreispfarrerin Martina Wittkowski leiten, als sie den Pfarrkonvent des Ev.-luth. Kirchenkreises Oldenburger M\u00fcnsterland zum Besuch des Zweckverbands ecopark bei Emstek einlud, einem seit 2002 bestehenden Gewerbepark an der A1. \u201eDer Blick \u00fcber den eigenen Tellerrand ist f\u00fcr unsere kirchliche Arbeit besonders wichtig\u201c, betonte die Kreispfarrerin und so erhielten die Pfarrerinnen und Pfarrer einen interessanten Einblick in Struktur und Aufbau des ecoparks, der regionalen Wirtschaftsf\u00f6rderung und der Stelle f\u00fcr Beratung und Unterst\u00fctzung von Startups.&nbsp; Besonders beeindruckte die Runde das nachhaltige Konzept, dass der Idee&#8230;<\/p>\n","protected":false},"author":7,"featured_media":0,"comment_status":"false","ping_status":"open","sticky":false,"template":"","format":"standard","meta":{"footnotes":""},"categories":[43],"tags":[44],"class_list":["post-24377","post","type-post","status-publish","format-standard","hentry","category-kirche-oldenburg","tag-kirche-oldenburg"],"_links":{"self":[{"href":"https:\/\/christusnews.de\/site\/wp-json\/wp\/v2\/posts\/24377","targetHints":{"allow":["GET"]}}],"collection":[{"href":"https:\/\/christusnews.de\/site\/wp-json\/wp\/v2\/posts"}],"about":[{"href":"https:\/\/christusnews.de\/site\/wp-json\/wp\/v2\/types\/post"}],"author":[{"embeddable":true,"href":"https:\/\/christusnews.de\/site\/wp-json\/wp\/v2\/users\/7"}],"replies":[{"embeddable":true,"href":"https:\/\/christusnews.de\/site\/wp-json\/wp\/v2\/comments?post=24377"}],"version-history":[{"count":1,"href":"https:\/\/christusnews.de\/site\/wp-json\/wp\/v2\/posts\/24377\/revisions"}],"predecessor-version":[{"id":24378,"href":"https:\/\/christusnews.de\/site\/wp-json\/wp\/v2\/posts\/24377\/revisions\/24378"}],"wp:attachment":[{"href":"https:\/\/christusnews.de\/site\/wp-json\/wp\/v2\/media?parent=24377"}],"wp:term":[{"taxonomy":"category","embeddable":true,"href":"https:\/\/christusnews.de\/site\/wp-json\/wp\/v2\/categories?post=24377"},{"taxonomy":"post_tag","embeddable":true,"href":"https:\/\/christusnews.de\/site\/wp-json\/wp\/v2\/tags?post=24377"}],"curies":[{"name":"wp","href":"https:\/\/api.w.org\/{rel}","templated":true}]}}