{"id":24393,"date":"2023-06-17T12:37:00","date_gmt":"2023-06-17T10:37:00","guid":{"rendered":"https:\/\/christusnews.de\/site\/aufarbeitung-sexualisierter-gewalt-bischof-kritisiert-kirchentag\/"},"modified":"2023-06-19T23:17:30","modified_gmt":"2023-06-19T21:17:30","slug":"aufarbeitung-sexualisierter-gewalt-bischof-kritisiert-kirchentag","status":"publish","type":"post","link":"https:\/\/christusnews.de\/site\/aufarbeitung-sexualisierter-gewalt-bischof-kritisiert-kirchentag\/","title":{"rendered":"Aufarbeitung sexualisierter Gewalt: Bischof kritisiert Kirchentag"},"content":{"rendered":"<p class=\"MsoPlainText\">Osnabr\u00fcck (epd). Der hannoversche Landesbischof Ralf Meister hat den Deutschen Evangelischen Kirchentag kritisiert, er habe sich bislang nicht mit F\u00e4llen sexualisierter Gewalt in seinem Rahmen befasst. Auch der Kirchentag in der vergangenen Woche in N\u00fcrnberg habe das Thema nur sehr am Rande behandelt, sagte Meister am Samstag beim regionalen \u00d6kumenischen Kirchentag in Osnabr\u00fcck.<\/p>\n<p class=\"MsoPlainText\">&nbsp;<\/p>\n<p class=\"MsoPlainText\">In den 1970er Jahren seien auch auf Kirchentagen Gruppen aufgetreten, die Sexualit\u00e4t mit Kindern propagiert h\u00e4tten. \u00abDer Kirchentag hat das bis heute nicht geschafft, das aufzuarbeiten\u00bb, sagte Meister w\u00e4hrend einer Podiumsdiskussion. Er versprach, beim kommenden Kirchentag in Hannover werde sich das \u00e4ndern. Das Gro\u00dfereignis soll vom 30. April bis zum 4. Mai 2025 in der nieders\u00e4chsischen Landeshauptstadt gefeiert werden.<\/p>\n<p class=\"MsoPlainText\">&nbsp;<\/p>\n<p class=\"MsoPlainText\">Meister betonte, vor 40 Jahren sei in der evangelischen Kirche die Freiheit hochgehalten worden. Dadurch sei es auch zu sexualisierter Gewalt gekommen. \u00abDie gro\u00dfe Freiheit f\u00fchrte zu einer \u00dcbergriffskultur.\u00bb<\/p>\n<p class=\"MsoPlainText\">&nbsp;<\/p>\n<p class=\"MsoPlainText\">Der K\u00f6lner Stephan Rixen, Jurist und Mitglied des Deutschen Ethikrats, forderte den Staat auf, sich mehr in die Aufarbeitung sexualisierter Gewalt in den Kirchen einzumischen. Die Kirchen d\u00fcrften nicht damit durchkommen, sich auf ein eigenes Datenschutzrecht zu berufen, das dem Schutz der Institution diene.<\/p>\n<p class=\"MsoPlainText\">&nbsp;<\/p>\n<p class=\"MsoPlainText\">Karl Haucke, ebenfalls aus K\u00f6ln, verlangte als Betroffener von beiden Kirchen, nicht l\u00e4nger die Deutungshoheit \u00fcber die F\u00e4lle sexualisierter Gewalt f\u00fcr sich zu reklamieren. Stattdessen sollten die Betroffenen angeh\u00f6rt und ernst genommen werden. Die katholische Kirche forderte er auf, Machtstrukturen zu ver\u00e4ndern, anstatt sich \u00abhinter der Scham zu verstecken\u00bb. Haucke ist Betroffener k\u00f6rperlicher, sexualisierter und spiritueller Gewalt in einem katholischen Ordensinternat.<\/p>\n<p>Kirche-Oldenburg<br \/>\n<a href=\"https:\/\/www.kirche-oldenburg.de\/\/aktuell\/news-niedersachsen\/artikel\/aufarbeitung-sexualisierter-gewalt-bischof-kritisiert-kirchentag\" target=\"_blank\" rel=\"noopener\">Aufarbeitung sexualisierter Gewalt: Bischof kritisiert Kirchentag<\/a><\/p>\n","protected":false},"excerpt":{"rendered":"<p>Osnabr\u00fcck (epd). Der hannoversche Landesbischof Ralf Meister hat den Deutschen Evangelischen Kirchentag kritisiert, er habe sich bislang nicht mit F\u00e4llen sexualisierter Gewalt in seinem Rahmen befasst. Auch der Kirchentag in der vergangenen Woche in N\u00fcrnberg habe das Thema nur sehr am Rande behandelt, sagte Meister am Samstag beim regionalen \u00d6kumenischen Kirchentag in Osnabr\u00fcck. &nbsp; In den 1970er Jahren seien auch auf Kirchentagen Gruppen aufgetreten, die Sexualit\u00e4t mit Kindern propagiert h\u00e4tten. \u00abDer Kirchentag hat das bis heute nicht geschafft, das aufzuarbeiten\u00bb, sagte Meister w\u00e4hrend einer Podiumsdiskussion. Er versprach, beim kommenden Kirchentag in Hannover werde sich das \u00e4ndern. Das Gro\u00dfereignis soll vom&#8230;<\/p>\n","protected":false},"author":7,"featured_media":0,"comment_status":"false","ping_status":"open","sticky":false,"template":"","format":"standard","meta":{"footnotes":""},"categories":[43],"tags":[44],"class_list":["post-24393","post","type-post","status-publish","format-standard","hentry","category-kirche-oldenburg","tag-kirche-oldenburg"],"_links":{"self":[{"href":"https:\/\/christusnews.de\/site\/wp-json\/wp\/v2\/posts\/24393","targetHints":{"allow":["GET"]}}],"collection":[{"href":"https:\/\/christusnews.de\/site\/wp-json\/wp\/v2\/posts"}],"about":[{"href":"https:\/\/christusnews.de\/site\/wp-json\/wp\/v2\/types\/post"}],"author":[{"embeddable":true,"href":"https:\/\/christusnews.de\/site\/wp-json\/wp\/v2\/users\/7"}],"replies":[{"embeddable":true,"href":"https:\/\/christusnews.de\/site\/wp-json\/wp\/v2\/comments?post=24393"}],"version-history":[{"count":1,"href":"https:\/\/christusnews.de\/site\/wp-json\/wp\/v2\/posts\/24393\/revisions"}],"predecessor-version":[{"id":24394,"href":"https:\/\/christusnews.de\/site\/wp-json\/wp\/v2\/posts\/24393\/revisions\/24394"}],"wp:attachment":[{"href":"https:\/\/christusnews.de\/site\/wp-json\/wp\/v2\/media?parent=24393"}],"wp:term":[{"taxonomy":"category","embeddable":true,"href":"https:\/\/christusnews.de\/site\/wp-json\/wp\/v2\/categories?post=24393"},{"taxonomy":"post_tag","embeddable":true,"href":"https:\/\/christusnews.de\/site\/wp-json\/wp\/v2\/tags?post=24393"}],"curies":[{"name":"wp","href":"https:\/\/api.w.org\/{rel}","templated":true}]}}