{"id":24397,"date":"2023-06-16T12:34:00","date_gmt":"2023-06-16T10:34:00","guid":{"rendered":"https:\/\/christusnews.de\/site\/bischof-manzke-warnt-protestanten-vor-ueberzogener-kirchenkritik\/"},"modified":"2023-06-19T23:17:31","modified_gmt":"2023-06-19T21:17:31","slug":"bischof-manzke-warnt-protestanten-vor-ueberzogener-kirchenkritik","status":"publish","type":"post","link":"https:\/\/christusnews.de\/site\/bischof-manzke-warnt-protestanten-vor-ueberzogener-kirchenkritik\/","title":{"rendered":"Bischof Manzke warnt Protestanten vor \u00fcberzogener Kirchenkritik"},"content":{"rendered":"<p class=\"MsoPlainText\">Stadthagen (epd). Der evangelische Landesbischof Karl-Hinrich Manzke aus B\u00fcckeburg hat die Protestanten davor gewarnt, herabw\u00fcrdigend \u00fcber die eigene Kirche zu reden. \u00abDie Liebe zu unserer eigenen Kirche ist dringend n\u00f6tig, wenn wir diese Gemeinschaft erhalten und wirksam erneuern wollen\u00bb, sagte Manzke am Freitagabend in Stadthagen in seinem Bericht vor der Synode der Evangelisch-Lutherischen Landeskirche Schaumburg-Lippe. Manzke ist auch Catholica-Beauftragter der Vereinigten Evangelisch-Lutherischen Kirche Deutschlands (VELKD).<\/p>\n<p class=\"MsoPlainText\">&nbsp;<\/p>\n<p class=\"MsoPlainText\">Protestanten seien in ihrer Geschichte h\u00e4ufig eher kritisch gegen\u00fcber ihrer eigenen Kirche eingestellt, f\u00fchrte Manzke aus und erinnerte dabei unter anderem an Martin Luthers Fundamentalkritik an der r\u00f6misch-katholischen Kirche. \u00abUnd bisweilen sind Protestanten geradezu stolz darauf, wenn sie entfalten, sie seien wohl gl\u00e4ubig, aber mit der Kirche pflegten sie keinen Umgang.\u00bb Diese \u00abangeborene Kirchenkritik\u00bb m\u00fcsse jedoch ebenfalls kritisch betrachtet und \u00fcberwunden werden.<\/p>\n<p class=\"MsoPlainText\">&nbsp;<\/p>\n<p class=\"MsoPlainText\">\u00abEs ist keine Tugend, \u00fcber die eigene Kirche niederziehend zu sprechen\u00bb, betonte der Bischof laut Redemanuskript. \u00abAls Gemeinschaft verdient sie unsere ganze Zuneigung und hingebungsvolle Unterst\u00fctzung.\u00bb Nur so k\u00f6nne es gelingen, Fehlentwicklungen zu korrigieren und den Menschen zu dienen. Als These formulierte Manzke: \u00abDer getaufte und gl\u00e4ubige Christenmensch freut sich an der Kirche und leidet mit ihr mit, wenn sie durch eigenes Versagen verunstaltet ist.\u00bb<\/p>\n<p class=\"MsoPlainText\">&nbsp;<\/p>\n<p class=\"MsoPlainText\">Manzke hatte angek\u00fcndigt, im Februar 2024 in den Ruhestand zu gehen. Seitdem sucht die Landeskirche Kandidatinnen und Kandidaten, um das Amt so schnell wie m\u00f6glich wiederzubesetzen.<\/p>\n<p>Kirche-Oldenburg<br \/>\n<a href=\"https:\/\/www.kirche-oldenburg.de\/\/aktuell\/news-niedersachsen\/artikel\/bischof-manzke-warnt-protestanten-vor-ueberzogener-kirchenkritik\" target=\"_blank\" rel=\"noopener\">Bischof Manzke warnt Protestanten vor \u00fcberzogener Kirchenkritik<\/a><\/p>\n","protected":false},"excerpt":{"rendered":"<p>Stadthagen (epd). Der evangelische Landesbischof Karl-Hinrich Manzke aus B\u00fcckeburg hat die Protestanten davor gewarnt, herabw\u00fcrdigend \u00fcber die eigene Kirche zu reden. \u00abDie Liebe zu unserer eigenen Kirche ist dringend n\u00f6tig, wenn wir diese Gemeinschaft erhalten und wirksam erneuern wollen\u00bb, sagte Manzke am Freitagabend in Stadthagen in seinem Bericht vor der Synode der Evangelisch-Lutherischen Landeskirche Schaumburg-Lippe. Manzke ist auch Catholica-Beauftragter der Vereinigten Evangelisch-Lutherischen Kirche Deutschlands (VELKD). &nbsp; Protestanten seien in ihrer Geschichte h\u00e4ufig eher kritisch gegen\u00fcber ihrer eigenen Kirche eingestellt, f\u00fchrte Manzke aus und erinnerte dabei unter anderem an Martin Luthers Fundamentalkritik an der r\u00f6misch-katholischen Kirche. \u00abUnd bisweilen sind Protestanten geradezu&#8230;<\/p>\n","protected":false},"author":7,"featured_media":0,"comment_status":"false","ping_status":"open","sticky":false,"template":"","format":"standard","meta":{"footnotes":""},"categories":[43],"tags":[44],"class_list":["post-24397","post","type-post","status-publish","format-standard","hentry","category-kirche-oldenburg","tag-kirche-oldenburg"],"_links":{"self":[{"href":"https:\/\/christusnews.de\/site\/wp-json\/wp\/v2\/posts\/24397","targetHints":{"allow":["GET"]}}],"collection":[{"href":"https:\/\/christusnews.de\/site\/wp-json\/wp\/v2\/posts"}],"about":[{"href":"https:\/\/christusnews.de\/site\/wp-json\/wp\/v2\/types\/post"}],"author":[{"embeddable":true,"href":"https:\/\/christusnews.de\/site\/wp-json\/wp\/v2\/users\/7"}],"replies":[{"embeddable":true,"href":"https:\/\/christusnews.de\/site\/wp-json\/wp\/v2\/comments?post=24397"}],"version-history":[{"count":1,"href":"https:\/\/christusnews.de\/site\/wp-json\/wp\/v2\/posts\/24397\/revisions"}],"predecessor-version":[{"id":24398,"href":"https:\/\/christusnews.de\/site\/wp-json\/wp\/v2\/posts\/24397\/revisions\/24398"}],"wp:attachment":[{"href":"https:\/\/christusnews.de\/site\/wp-json\/wp\/v2\/media?parent=24397"}],"wp:term":[{"taxonomy":"category","embeddable":true,"href":"https:\/\/christusnews.de\/site\/wp-json\/wp\/v2\/categories?post=24397"},{"taxonomy":"post_tag","embeddable":true,"href":"https:\/\/christusnews.de\/site\/wp-json\/wp\/v2\/tags?post=24397"}],"curies":[{"name":"wp","href":"https:\/\/api.w.org\/{rel}","templated":true}]}}