{"id":24399,"date":"2023-06-16T12:30:00","date_gmt":"2023-06-16T10:30:00","guid":{"rendered":"https:\/\/christusnews.de\/site\/landesbischof-meyns-kritisiert-eu-asylreform\/"},"modified":"2023-06-19T23:17:31","modified_gmt":"2023-06-19T21:17:31","slug":"landesbischof-meyns-kritisiert-eu-asylreform","status":"publish","type":"post","link":"https:\/\/christusnews.de\/site\/landesbischof-meyns-kritisiert-eu-asylreform\/","title":{"rendered":"Landesbischof Meyns kritisiert EU-Asylreform"},"content":{"rendered":"<p class=\"MsoPlainText\">Wolfenb\u00fcttel\/Braunschweig (epd). Der braunschweigische Landesbischof Christoph Meyns hat Kritik an der geplanten Versch\u00e4rfung des EU-Asylrechts ge\u00fcbt. Die Asyl- und Migrationspolitik m\u00fcsse weiter von humanit\u00e4ren Gesichtspunkten gepr\u00e4gt bleiben, sagte der evangelische Theologe am Freitag in Wolfenb\u00fcttel im Blick auf den Weltfl\u00fcchtlingstag am 20. Juni. Die Pl\u00e4ne der Europ\u00e4ischen Union unterliefen die bisherigen Asyl-Standards und verringerten den Schutz f\u00fcr Fl\u00fcchtlinge.<\/p>\n<p class=\"MsoPlainText\">&nbsp;<\/p>\n<p class=\"MsoPlainText\">Das Vorhaben, auch Familien mit Kindern in Lagern an den EU-Au\u00dfengrenzen unterzubringen, sei nicht akzeptabel, sagte Meyns. Au\u00dferdem sehe er die Gefahr, dass Schutzsuchende kaum noch ein faires Asylverfahren erhalten k\u00f6nnten. Vor allem durch die Ausweitung der \u00absicheren Drittstaaten\u00bb werde das Asylrecht ausgehebelt, kritisierte der Bischof. Dadurch k\u00f6nnten sich L\u00e4nder ihrer Schutzverpflichtung entziehen.<\/p>\n<p class=\"MsoPlainText\">&nbsp;<\/p>\n<p class=\"MsoPlainText\">Der Braunschweiger Dom will an diesem Sonnabend (17. Juni) mit einer Gedenkaktion an die mehr als 50.000 Menschen erinnern, die bislang auf ihrer Flucht nach Europa ums Leben gekommen sind. Ihre Namen sollen \u00f6ffentlich verlesen werden.<\/p>\n<p class=\"MsoPlainText\">&nbsp;<\/p>\n<p class=\"MsoPlainText\">Die EU-Innenminister hatten sich in der vergangenen Woche auf eine Asylreform verst\u00e4ndigt. Ein zentraler Punkt ist dabei die Einf\u00fchrung von Verfahren an der EU-Au\u00dfengrenze. Menschen, die aus L\u00e4ndern kommen, aus denen nur wenige Fl\u00fcchtlinge in Europa anerkannt werden, m\u00fcssen demnach k\u00fcnftig bis zu drei Monate in Lagern oder Einrichtungen an den Au\u00dfengrenzen ausharren, bis ihr Verfahren abgeschlossen ist. Sie sollen von dort aus zur\u00fcckgeschickt werden, wenn sie kein Bleiberecht erhalten.<\/p>\n<p>Kirche-Oldenburg<br \/>\n<a href=\"https:\/\/www.kirche-oldenburg.de\/\/aktuell\/news-niedersachsen\/artikel\/landesbischof-meyns-kritisiert-eu-asylreform\" target=\"_blank\" rel=\"noopener\">Landesbischof Meyns kritisiert EU-Asylreform<\/a><\/p>\n","protected":false},"excerpt":{"rendered":"<p>Wolfenb\u00fcttel\/Braunschweig (epd). Der braunschweigische Landesbischof Christoph Meyns hat Kritik an der geplanten Versch\u00e4rfung des EU-Asylrechts ge\u00fcbt. Die Asyl- und Migrationspolitik m\u00fcsse weiter von humanit\u00e4ren Gesichtspunkten gepr\u00e4gt bleiben, sagte der evangelische Theologe am Freitag in Wolfenb\u00fcttel im Blick auf den Weltfl\u00fcchtlingstag am 20. Juni. Die Pl\u00e4ne der Europ\u00e4ischen Union unterliefen die bisherigen Asyl-Standards und verringerten den Schutz f\u00fcr Fl\u00fcchtlinge. &nbsp; Das Vorhaben, auch Familien mit Kindern in Lagern an den EU-Au\u00dfengrenzen unterzubringen, sei nicht akzeptabel, sagte Meyns. Au\u00dferdem sehe er die Gefahr, dass Schutzsuchende kaum noch ein faires Asylverfahren erhalten k\u00f6nnten. Vor allem durch die Ausweitung der \u00absicheren Drittstaaten\u00bb werde das&#8230;<\/p>\n","protected":false},"author":7,"featured_media":0,"comment_status":"false","ping_status":"open","sticky":false,"template":"","format":"standard","meta":{"footnotes":""},"categories":[43],"tags":[44],"class_list":["post-24399","post","type-post","status-publish","format-standard","hentry","category-kirche-oldenburg","tag-kirche-oldenburg"],"_links":{"self":[{"href":"https:\/\/christusnews.de\/site\/wp-json\/wp\/v2\/posts\/24399","targetHints":{"allow":["GET"]}}],"collection":[{"href":"https:\/\/christusnews.de\/site\/wp-json\/wp\/v2\/posts"}],"about":[{"href":"https:\/\/christusnews.de\/site\/wp-json\/wp\/v2\/types\/post"}],"author":[{"embeddable":true,"href":"https:\/\/christusnews.de\/site\/wp-json\/wp\/v2\/users\/7"}],"replies":[{"embeddable":true,"href":"https:\/\/christusnews.de\/site\/wp-json\/wp\/v2\/comments?post=24399"}],"version-history":[{"count":1,"href":"https:\/\/christusnews.de\/site\/wp-json\/wp\/v2\/posts\/24399\/revisions"}],"predecessor-version":[{"id":24400,"href":"https:\/\/christusnews.de\/site\/wp-json\/wp\/v2\/posts\/24399\/revisions\/24400"}],"wp:attachment":[{"href":"https:\/\/christusnews.de\/site\/wp-json\/wp\/v2\/media?parent=24399"}],"wp:term":[{"taxonomy":"category","embeddable":true,"href":"https:\/\/christusnews.de\/site\/wp-json\/wp\/v2\/categories?post=24399"},{"taxonomy":"post_tag","embeddable":true,"href":"https:\/\/christusnews.de\/site\/wp-json\/wp\/v2\/tags?post=24399"}],"curies":[{"name":"wp","href":"https:\/\/api.w.org\/{rel}","templated":true}]}}