{"id":24401,"date":"2023-06-19T18:00:04","date_gmt":"2023-06-19T16:00:04","guid":{"rendered":"https:\/\/christusnews.de\/site\/konzert-von-coralis-am-25-juni-2023-um-18-uhr-in-der-christus-und-garnisonkirchechoralis-das-sind-die-drei-musiker-und-komponisten-gerhard-koch-darkow-karsten-klinker-und-erich-a-radke-das-ens\/"},"modified":"2023-06-19T23:17:33","modified_gmt":"2023-06-19T21:17:33","slug":"konzert-von-coralis-am-25-juni-2023-um-18-uhr-in-der-christus-und-garnisonkirchechoralis-das-sind-die-drei-musiker-und-komponisten-gerhard-koch-darkow-karsten-klinker-und-erich-a-radke-das-ens","status":"publish","type":"post","link":"https:\/\/christusnews.de\/site\/konzert-von-coralis-am-25-juni-2023-um-18-uhr-in-der-christus-und-garnisonkirchechoralis-das-sind-die-drei-musiker-und-komponisten-gerhard-koch-darkow-karsten-klinker-und-erich-a-radke-das-ens\/","title":{"rendered":"Konzert von CoRaLis am 25. Juni 2023 um 18 Uhr in der Christus- und Garnisonkirche\n\nChoRaLis, das sind die drei Musiker und Komponisten Gerhard Koch-Darkow, Karsten Klinker und Erich A. Radke. Das Ensemble komponiert und interpretiert Musik f\u00fcr die au\u00dfergew\u00f6hnliche Besetzung von Kirchenorgel und Saiteninstrumenten. Damit wagt sich das Trio an eine Instrumentalbesetzung, f\u00fcr die es in der Musikgeschichte keine Vorbilder gibt. Vor dem inneren Auge des Zuh\u00f6rers l\u00e4sst die Musik des Trios die biblische Welt des Mittleren Ostens und Vorderen Orients mit Nachthimmeln \u00fcber W\u00fcsten, archaischen Landschaften und gesch\u00e4ftigen Basaren zu Zeiten des neuen und alten Testamentes &#8211; stets auch mit Zeitbezug zur Gegenwart &#8211; aufleuchten. Die Musik des Ensembles &#8211; mit Elementen der Weltmusik, alter Kirchentonarten und Rock-Musik &#8211; bietet ein einzigartiges, au\u00dfergew\u00f6hnliches H\u00f6rerlebnis.\nN\u00e4here Infos unter: www.choralis-music.de"},"content":{"rendered":"<p>Konzert von CoRaLis am 25. Juni 2023 um 18 Uhr in der Christus- und Garnisonkirche<\/p>\n<p>ChoRaLis, das sind die drei Musiker und Komponisten Gerhard Koch-Darkow, Karsten Klinker und Erich A. Radke. Das Ensemble komponiert und interpretiert Musik f\u00fcr die au\u00dfergew\u00f6hnliche Besetzung von Kirchenorgel und Saiteninstrumenten. Damit wagt sich das Trio an eine Instrumentalbesetzung, f\u00fcr die es in der Musikgeschichte keine Vorbilder gibt. Vor dem inneren Auge des Zuh\u00f6rers l\u00e4sst die Musik des Trios die biblische Welt des Mittleren Ostens und Vorderen Orients mit Nachthimmeln \u00fcber W\u00fcsten, archaischen Landschaften und gesch\u00e4ftigen Basaren zu Zeiten des neuen und alten Testamentes &#8211; stets auch mit Zeitbezug zur Gegenwart &#8211; aufleuchten. Die Musik des Ensembles &#8211; mit Elementen der Weltmusik, alter Kirchentonarten und Rock-Musik &#8211; bietet ein einzigartiges, au\u00dfergew\u00f6hnliches H\u00f6rerlebnis.<br \/>\nN\u00e4here Infos unter: www.choralis-music.de<br \/>\nHAVENKIRCHE@FB<br \/>\n<a href=\"https:\/\/www.facebook.com\/396185572708352\/posts\/570639808596260\" target=\"_blank\" rel=\"noopener\">Konzert von CoRaLis am 25. Juni 2023 um 18 Uhr in der Christus- und Garnisonkirche<\/p>\n<p>ChoRaLis, das sind die drei Musiker und Komponisten Gerhard Koch-Darkow, Karsten Klinker und Erich A. Radke. Das Ensemble komponiert und interpretiert Musik f\u00fcr die au\u00dfergew\u00f6hnliche Besetzung von Kirchenorgel und Saiteninstrumenten. Damit wagt sich das Trio an eine Instrumentalbesetzung, f\u00fcr die es in der Musikgeschichte keine Vorbilder gibt. Vor dem inneren Auge des Zuh\u00f6rers l\u00e4sst die Musik des Trios die biblische Welt des Mittleren Ostens und Vorderen Orients mit Nachthimmeln \u00fcber W\u00fcsten, archaischen Landschaften und gesch\u00e4ftigen Basaren zu Zeiten des neuen und alten Testamentes &#8211; stets auch mit Zeitbezug zur Gegenwart &#8211; aufleuchten. Die Musik des Ensembles &#8211; mit Elementen der Weltmusik, alter Kirchentonarten und Rock-Musik &#8211; bietet ein einzigartiges, au\u00dfergew\u00f6hnliches H\u00f6rerlebnis.<br \/>\nN\u00e4here Infos unter: www.choralis-music.de<\/a><\/p>\n","protected":false},"excerpt":{"rendered":"<p>Konzert von CoRaLis am 25. Juni 2023 um 18 Uhr in der Christus- und Garnisonkirche ChoRaLis, das sind die drei Musiker und Komponisten Gerhard Koch-Darkow, Karsten Klinker und Erich A. Radke. Das Ensemble komponiert und interpretiert Musik f\u00fcr die au\u00dfergew\u00f6hnliche Besetzung von Kirchenorgel und Saiteninstrumenten. Damit wagt sich das Trio an eine Instrumentalbesetzung, f\u00fcr die es in der Musikgeschichte keine Vorbilder gibt. Vor dem inneren Auge des Zuh\u00f6rers l\u00e4sst die Musik des Trios die biblische Welt des Mittleren Ostens und Vorderen Orients mit Nachthimmeln \u00fcber W\u00fcsten, archaischen Landschaften und gesch\u00e4ftigen Basaren zu Zeiten des neuen und alten Testamentes &#8211; stets&#8230;<\/p>\n","protected":false},"author":6,"featured_media":0,"comment_status":"false","ping_status":"open","sticky":false,"template":"","format":"standard","meta":{"footnotes":""},"categories":[75],"tags":[76],"class_list":["post-24401","post","type-post","status-publish","format-standard","hentry","category-havenkirche","tag-havenkirche"],"_links":{"self":[{"href":"https:\/\/christusnews.de\/site\/wp-json\/wp\/v2\/posts\/24401","targetHints":{"allow":["GET"]}}],"collection":[{"href":"https:\/\/christusnews.de\/site\/wp-json\/wp\/v2\/posts"}],"about":[{"href":"https:\/\/christusnews.de\/site\/wp-json\/wp\/v2\/types\/post"}],"author":[{"embeddable":true,"href":"https:\/\/christusnews.de\/site\/wp-json\/wp\/v2\/users\/6"}],"replies":[{"embeddable":true,"href":"https:\/\/christusnews.de\/site\/wp-json\/wp\/v2\/comments?post=24401"}],"version-history":[{"count":1,"href":"https:\/\/christusnews.de\/site\/wp-json\/wp\/v2\/posts\/24401\/revisions"}],"predecessor-version":[{"id":24402,"href":"https:\/\/christusnews.de\/site\/wp-json\/wp\/v2\/posts\/24401\/revisions\/24402"}],"wp:attachment":[{"href":"https:\/\/christusnews.de\/site\/wp-json\/wp\/v2\/media?parent=24401"}],"wp:term":[{"taxonomy":"category","embeddable":true,"href":"https:\/\/christusnews.de\/site\/wp-json\/wp\/v2\/categories?post=24401"},{"taxonomy":"post_tag","embeddable":true,"href":"https:\/\/christusnews.de\/site\/wp-json\/wp\/v2\/tags?post=24401"}],"curies":[{"name":"wp","href":"https:\/\/api.w.org\/{rel}","templated":true}]}}