{"id":24411,"date":"2023-06-19T09:26:00","date_gmt":"2023-06-19T07:26:00","guid":{"rendered":"https:\/\/christusnews.de\/site\/tarifgespraeche-in-der-diakonie-haben-begonnen\/"},"modified":"2023-06-20T11:17:47","modified_gmt":"2023-06-20T09:17:47","slug":"tarifgespraeche-in-der-diakonie-haben-begonnen","status":"publish","type":"post","link":"https:\/\/christusnews.de\/site\/tarifgespraeche-in-der-diakonie-haben-begonnen\/","title":{"rendered":"Tarifgespr\u00e4che in der Diakonie haben begonnen\u00a0"},"content":{"rendered":"<p class=\"MsoPlainText\">Hannover (epd). Die Tarifverhandlungen f\u00fcr die rund 40.000 Besch\u00e4ftigten in den diakonischen Werken in Niedersachsen haben begonnen. F\u00fcr die Arbeitnehmerinnen und Arbeitnehmer fordert die Gewerkschaft ver.di 10,5 Prozent mehr Gehalt, mindestens aber 500 Euro mehr Geld sowie 200 Euro mehr f\u00fcr Auszubildende und Pflegesch\u00fcler. Au\u00dferdem soll die Wochenarbeitszeit bei vollem Lohnausgleich gek\u00fcrzt und ein Ausgleich f\u00fcr belastende Arbeitszeiten gezahlt werden. Die Arbeitgeberseite nahm die Forderungen \u00abnicht \u00fcberrascht\u00bb zur Kenntnis und k\u00fcndigte f\u00fcr Ende August einen Gegenvorschlag an.<\/p>\n<p class=\"MsoPlainText\">&nbsp;<\/p>\n<p class=\"MsoPlainText\">Die Forderungen der Gewerkschaft seien vergleichbar mit denen f\u00fcr den \u00f6ffentlichen Dienst, sagte der Gesch\u00e4ftsf\u00fchrer des Diakonischen Dienstgeberverbands Niedersachsen (DDN), Robert Johns, dem Evangelischen Pressedienst (epd). \u00abDa haben wir nicht die gleichen Vorstellungen.\u00bb Dennoch sei das Ansinnen von ver.di \u00abrichtungsweisend\u00bb. Zum n\u00e4chsten Gespr\u00e4ch am 21. August wollten die Dienstgeber ihr Angebot unterbreiten.<\/p>\n<p class=\"MsoPlainText\">&nbsp;<\/p>\n<p class=\"MsoPlainText\">Annette Klausing von der Gewerkschaft ver.di rechnet mit konstruktiven Gespr\u00e4chen: \u00abAngesichts des Fachkr\u00e4ftemangels wissen die Arbeitgeber, dass sie etwas tun m\u00fcssen, um die Besch\u00e4ftigten zu entlasten.\u00bb Doch w\u00e4hrend die Arbeitgeber eher an eine finanzielle Entlastung d\u00e4chten, w\u00fcnschten sich die Arbeitnehmer mehr Freizeit. Mitarbeitende, die sich mehr erholen k\u00f6nnten, seien ges\u00fcnder und verursachten weniger Fehltage durch Krankheiten, unterstrich Klausing.<\/p>\n<p>Kirche-Oldenburg<br \/>\n<a href=\"https:\/\/www.kirche-oldenburg.de\/\/aktuell\/news-niedersachsen\/artikel\/tarifgespraeche-in-der-diakonie-haben-begonnen\" target=\"_blank\" rel=\"noopener\">Tarifgespr\u00e4che in der Diakonie haben begonnen\u00a0<\/a><\/p>\n","protected":false},"excerpt":{"rendered":"<p>Hannover (epd). Die Tarifverhandlungen f\u00fcr die rund 40.000 Besch\u00e4ftigten in den diakonischen Werken in Niedersachsen haben begonnen. F\u00fcr die Arbeitnehmerinnen und Arbeitnehmer fordert die Gewerkschaft ver.di 10,5 Prozent mehr Gehalt, mindestens aber 500 Euro mehr Geld sowie 200 Euro mehr f\u00fcr Auszubildende und Pflegesch\u00fcler. Au\u00dferdem soll die Wochenarbeitszeit bei vollem Lohnausgleich gek\u00fcrzt und ein Ausgleich f\u00fcr belastende Arbeitszeiten gezahlt werden. Die Arbeitgeberseite nahm die Forderungen \u00abnicht \u00fcberrascht\u00bb zur Kenntnis und k\u00fcndigte f\u00fcr Ende August einen Gegenvorschlag an. &nbsp; Die Forderungen der Gewerkschaft seien vergleichbar mit denen f\u00fcr den \u00f6ffentlichen Dienst, sagte der Gesch\u00e4ftsf\u00fchrer des Diakonischen Dienstgeberverbands Niedersachsen (DDN), Robert Johns,&#8230;<\/p>\n","protected":false},"author":7,"featured_media":0,"comment_status":"false","ping_status":"open","sticky":false,"template":"","format":"standard","meta":{"footnotes":""},"categories":[43],"tags":[44],"class_list":["post-24411","post","type-post","status-publish","format-standard","hentry","category-kirche-oldenburg","tag-kirche-oldenburg"],"_links":{"self":[{"href":"https:\/\/christusnews.de\/site\/wp-json\/wp\/v2\/posts\/24411","targetHints":{"allow":["GET"]}}],"collection":[{"href":"https:\/\/christusnews.de\/site\/wp-json\/wp\/v2\/posts"}],"about":[{"href":"https:\/\/christusnews.de\/site\/wp-json\/wp\/v2\/types\/post"}],"author":[{"embeddable":true,"href":"https:\/\/christusnews.de\/site\/wp-json\/wp\/v2\/users\/7"}],"replies":[{"embeddable":true,"href":"https:\/\/christusnews.de\/site\/wp-json\/wp\/v2\/comments?post=24411"}],"version-history":[{"count":1,"href":"https:\/\/christusnews.de\/site\/wp-json\/wp\/v2\/posts\/24411\/revisions"}],"predecessor-version":[{"id":24412,"href":"https:\/\/christusnews.de\/site\/wp-json\/wp\/v2\/posts\/24411\/revisions\/24412"}],"wp:attachment":[{"href":"https:\/\/christusnews.de\/site\/wp-json\/wp\/v2\/media?parent=24411"}],"wp:term":[{"taxonomy":"category","embeddable":true,"href":"https:\/\/christusnews.de\/site\/wp-json\/wp\/v2\/categories?post=24411"},{"taxonomy":"post_tag","embeddable":true,"href":"https:\/\/christusnews.de\/site\/wp-json\/wp\/v2\/tags?post=24411"}],"curies":[{"name":"wp","href":"https:\/\/api.w.org\/{rel}","templated":true}]}}