{"id":24413,"date":"2023-06-20T10:02:52","date_gmt":"2023-06-20T08:02:52","guid":{"rendered":"https:\/\/christusnews.de\/site\/coro-piccolo-gibt-benefizkonzert-fuer-die-fabider-wilhelmshavener-chor-coro-piccolo-gehoert-zu-den-urgesteinen-des-guten-chorgesangs-in-unserer-stadt-sie-geben-ein-benefizkonzert-fuer-die-familienbi\/"},"modified":"2023-06-20T11:17:49","modified_gmt":"2023-06-20T09:17:49","slug":"coro-piccolo-gibt-benefizkonzert-fuer-die-fabider-wilhelmshavener-chor-coro-piccolo-gehoert-zu-den-urgesteinen-des-guten-chorgesangs-in-unserer-stadt-sie-geben-ein-benefizkonzert-fuer-die-familienbi","status":"publish","type":"post","link":"https:\/\/christusnews.de\/site\/coro-piccolo-gibt-benefizkonzert-fuer-die-fabider-wilhelmshavener-chor-coro-piccolo-gehoert-zu-den-urgesteinen-des-guten-chorgesangs-in-unserer-stadt-sie-geben-ein-benefizkonzert-fuer-die-familienbi\/","title":{"rendered":"Coro Piccolo gibt Benefizkonzert f\u00fcr die FABI\nDer Wilhelmshavener Chor Coro Piccolo geh\u00f6rt zu den Urgesteinen des guten Chorgesangs in unserer Stadt. Sie geben ein Benefizkonzert f\u00fcr die Familienbildungsst\u00e4tte FRI-WHV am 21. Juni um 20 Uhr in der Christus- und Garnisonkirche. Der Eintritt ist frei, um eine Kollekte wird gebeten."},"content":{"rendered":"<p>Coro Piccolo gibt Benefizkonzert f\u00fcr die FABI<br \/>\nDer Wilhelmshavener Chor Coro Piccolo geh\u00f6rt zu den Urgesteinen des guten Chorgesangs in unserer Stadt. Sie geben ein Benefizkonzert f\u00fcr die Familienbildungsst\u00e4tte FRI-WHV am 21. Juni um 20 Uhr in der Christus- und Garnisonkirche. Der Eintritt ist frei, um eine Kollekte wird gebeten.<br \/>\nHAVENKIRCHE@FB<br \/>\n<a href=\"https:\/\/www.facebook.com\/396185572708352\/posts\/571013228558918\" target=\"_blank\" rel=\"noopener\">Coro Piccolo gibt Benefizkonzert f\u00fcr die FABI<br \/>\nDer Wilhelmshavener Chor Coro Piccolo geh\u00f6rt zu den Urgesteinen des guten Chorgesangs in unserer Stadt. Sie geben ein Benefizkonzert f\u00fcr die Familienbildungsst\u00e4tte FRI-WHV am 21. Juni um 20 Uhr in der Christus- und Garnisonkirche. Der Eintritt ist frei, um eine Kollekte wird gebeten.<\/a><\/p>\n","protected":false},"excerpt":{"rendered":"<p>Coro Piccolo gibt Benefizkonzert f\u00fcr die FABI Der Wilhelmshavener Chor Coro Piccolo geh\u00f6rt zu den Urgesteinen des guten Chorgesangs in unserer Stadt. Sie geben ein Benefizkonzert f\u00fcr die Familienbildungsst\u00e4tte FRI-WHV am 21. Juni um 20 Uhr in der Christus- und Garnisonkirche. Der Eintritt ist frei, um eine Kollekte wird gebeten. HAVENKIRCHE@FB Coro Piccolo gibt Benefizkonzert f\u00fcr die FABI Der Wilhelmshavener Chor Coro Piccolo geh\u00f6rt zu den Urgesteinen des guten Chorgesangs in unserer Stadt. Sie geben ein Benefizkonzert f\u00fcr die Familienbildungsst\u00e4tte FRI-WHV am 21. Juni um 20 Uhr in der Christus- und Garnisonkirche. Der Eintritt ist frei, um eine Kollekte wird&#8230;<\/p>\n","protected":false},"author":6,"featured_media":0,"comment_status":"false","ping_status":"open","sticky":false,"template":"","format":"standard","meta":{"footnotes":""},"categories":[75],"tags":[76],"class_list":["post-24413","post","type-post","status-publish","format-standard","hentry","category-havenkirche","tag-havenkirche"],"_links":{"self":[{"href":"https:\/\/christusnews.de\/site\/wp-json\/wp\/v2\/posts\/24413","targetHints":{"allow":["GET"]}}],"collection":[{"href":"https:\/\/christusnews.de\/site\/wp-json\/wp\/v2\/posts"}],"about":[{"href":"https:\/\/christusnews.de\/site\/wp-json\/wp\/v2\/types\/post"}],"author":[{"embeddable":true,"href":"https:\/\/christusnews.de\/site\/wp-json\/wp\/v2\/users\/6"}],"replies":[{"embeddable":true,"href":"https:\/\/christusnews.de\/site\/wp-json\/wp\/v2\/comments?post=24413"}],"version-history":[{"count":1,"href":"https:\/\/christusnews.de\/site\/wp-json\/wp\/v2\/posts\/24413\/revisions"}],"predecessor-version":[{"id":24414,"href":"https:\/\/christusnews.de\/site\/wp-json\/wp\/v2\/posts\/24413\/revisions\/24414"}],"wp:attachment":[{"href":"https:\/\/christusnews.de\/site\/wp-json\/wp\/v2\/media?parent=24413"}],"wp:term":[{"taxonomy":"category","embeddable":true,"href":"https:\/\/christusnews.de\/site\/wp-json\/wp\/v2\/categories?post=24413"},{"taxonomy":"post_tag","embeddable":true,"href":"https:\/\/christusnews.de\/site\/wp-json\/wp\/v2\/tags?post=24413"}],"curies":[{"name":"wp","href":"https:\/\/api.w.org\/{rel}","templated":true}]}}