{"id":24435,"date":"2023-06-20T10:13:00","date_gmt":"2023-06-20T08:13:00","guid":{"rendered":"https:\/\/christusnews.de\/site\/spd-abgeordnete-thela-wernstedt-wird-neue-klosterkammer-praesidentin\/"},"modified":"2023-06-21T11:20:19","modified_gmt":"2023-06-21T09:20:19","slug":"spd-abgeordnete-thela-wernstedt-wird-neue-klosterkammer-praesidentin","status":"publish","type":"post","link":"https:\/\/christusnews.de\/site\/spd-abgeordnete-thela-wernstedt-wird-neue-klosterkammer-praesidentin\/","title":{"rendered":"SPD-Abgeordnete Thela Wernstedt wird neue Klosterkammer-Pr\u00e4sidentin"},"content":{"rendered":"<p class=\"MsoPlainText\">Hannover (epd). Die nieders\u00e4chsische Landtagsabgeordnete Thela Wernstedt (SPD) wird neue Pr\u00e4sidentin der Klosterkammer Hannover. Das Landeskabinett habe der Besetzung des Spitzenamtes mit der 1968 geborenen \u00c4rztin am Dienstag zugestimmt, teilte Kulturminister Falko Mohrs (SPD) in Hannover mit.<\/p>\n<p class=\"MsoPlainText\">&nbsp;<\/p>\n<p class=\"MsoPlainText\">Wernstedt tritt als neue Chefin der Landesbeh\u00f6rde die Nachfolge von Hans-Christian Biallas an, der im Februar 2022 \u00fcberraschend gestorben war. Der Ratsvorsitzende der Konf\u00f6deration evangelischer Kirchen in Niedersachsen, der Oldenburger Bischof Thomas Adomeit, gratulierte Wernstedt zum neuen Amt. Aus ihrer bisherigen Berufsbiografie bringe sie \u00abbeste Voraussetzungen\u00bb mit, um eine Aufgabe voller \u00abenormer Herausforderungen\u00bb zu meistern. Als \u00f6ffentlich-rechtliche Einrichtung trage die Klosterkammer Verantwortung f\u00fcr eine Vielzahl von Baudenkm\u00e4lern, Gemeinwohlangeboten und Kulturg\u00fctern.<\/p>\n<p class=\"MsoPlainText\">&nbsp;<\/p>\n<p class=\"MsoPlainText\">Die Pr\u00e4sidentin des Landeskirchenamtes Hannover, Stephanie Springer, w\u00fcrdigte Wernstedts \u00abvielf\u00e4ltige berufliche und politische Erfahrungen\u00bb und eine \u00abgro\u00dfe Kompetenz bei den entscheidenden gesamtgesellschaftlichen Fragestellungen.\u00bb In Ihrer Funktion als Mitglied im Kuratorium der Evangelischen Akademie Loccum, als Gr\u00fcndungsmitglied der Initiative Nieders\u00e4chsischer Ethikrat und als Mitglied der hannoverschen Landessynode pflege die designierte Kammerpr\u00e4sidentin schon jetzt eine vertrauensvolle und konstruktive Zusammenarbeit mit der Kirche.<\/p>\n<p class=\"MsoPlainText\">&nbsp;<\/p>\n<p class=\"MsoPlainText\">Wernstedt k\u00fcndigte an, ihr neues Amt nach Aufgabe ihres Abgeordnetenmandats voraussichtlich ab \u00abMitte September oder Anfang Oktober\u00bb anzutreten. Sie freue sich darauf, die Aufgabenfelder der Klosterkammer kennenzulernen, allen voran den forstwirtschaftlichen Zweig und die 17 Kl\u00f6ster und Damenstifte, die von der Beh\u00f6rde betreut werden.<\/p>\n<p class=\"MsoPlainText\">&nbsp;<\/p>\n<p class=\"MsoPlainText\">Zudem wolle sie vor allem Kinder und Jugendliche st\u00e4rker an die Arbeit der Klosterkammer heranf\u00fchren, sagte die designierte Kammerpr\u00e4sidentin. Auch liege ihr am Herzen, \u00abdie Sch\u00e4tze der Klosterkammer\u00bb &#8211; etwa die historischen Klostergeb\u00e4ude mit ihren bedeutenden Kunstwerken &#8211; mehr Menschen zug\u00e4nglich zu machen.<\/p>\n<p class=\"MsoPlainText\">&nbsp;<\/p>\n<p class=\"MsoPlainText\">Die Klosterkammer verwaltet als Sonderbeh\u00f6rde des Landes Niedersachsen das Verm\u00f6gen von vier Stiftungen, die aus ehemals kirchlichem Verm\u00f6gen entstanden sind. Aus den Ertr\u00e4gen unterh\u00e4lt sie insgesamt rund 800 Geb\u00e4ude und 12.000 Kunstobjekte. Au\u00dferdem f\u00f6rdert sie neben den Calenberger Kl\u00f6stern, den Heidekl\u00f6stern und Damenstiften mit weiteren 2,5 Millionen Euro pro Jahr kirchliche, soziale und bildungsbezogene Projekte.<\/p>\n<p>Kirche-Oldenburg<br \/>\n<a href=\"https:\/\/www.kirche-oldenburg.de\/\/aktuell\/news-niedersachsen\/artikel\/spd-abgeordnete-thela-wernstedt-wird-neue-klosterkammer-praesidentin\" target=\"_blank\" rel=\"noopener\">SPD-Abgeordnete Thela Wernstedt wird neue Klosterkammer-Pr\u00e4sidentin<\/a><\/p>\n","protected":false},"excerpt":{"rendered":"<p>Hannover (epd). Die nieders\u00e4chsische Landtagsabgeordnete Thela Wernstedt (SPD) wird neue Pr\u00e4sidentin der Klosterkammer Hannover. Das Landeskabinett habe der Besetzung des Spitzenamtes mit der 1968 geborenen \u00c4rztin am Dienstag zugestimmt, teilte Kulturminister Falko Mohrs (SPD) in Hannover mit. &nbsp; Wernstedt tritt als neue Chefin der Landesbeh\u00f6rde die Nachfolge von Hans-Christian Biallas an, der im Februar 2022 \u00fcberraschend gestorben war. Der Ratsvorsitzende der Konf\u00f6deration evangelischer Kirchen in Niedersachsen, der Oldenburger Bischof Thomas Adomeit, gratulierte Wernstedt zum neuen Amt. Aus ihrer bisherigen Berufsbiografie bringe sie \u00abbeste Voraussetzungen\u00bb mit, um eine Aufgabe voller \u00abenormer Herausforderungen\u00bb zu meistern. Als \u00f6ffentlich-rechtliche Einrichtung trage die Klosterkammer Verantwortung&#8230;<\/p>\n","protected":false},"author":7,"featured_media":0,"comment_status":"false","ping_status":"open","sticky":false,"template":"","format":"standard","meta":{"footnotes":""},"categories":[43],"tags":[44],"class_list":["post-24435","post","type-post","status-publish","format-standard","hentry","category-kirche-oldenburg","tag-kirche-oldenburg"],"_links":{"self":[{"href":"https:\/\/christusnews.de\/site\/wp-json\/wp\/v2\/posts\/24435","targetHints":{"allow":["GET"]}}],"collection":[{"href":"https:\/\/christusnews.de\/site\/wp-json\/wp\/v2\/posts"}],"about":[{"href":"https:\/\/christusnews.de\/site\/wp-json\/wp\/v2\/types\/post"}],"author":[{"embeddable":true,"href":"https:\/\/christusnews.de\/site\/wp-json\/wp\/v2\/users\/7"}],"replies":[{"embeddable":true,"href":"https:\/\/christusnews.de\/site\/wp-json\/wp\/v2\/comments?post=24435"}],"version-history":[{"count":1,"href":"https:\/\/christusnews.de\/site\/wp-json\/wp\/v2\/posts\/24435\/revisions"}],"predecessor-version":[{"id":24436,"href":"https:\/\/christusnews.de\/site\/wp-json\/wp\/v2\/posts\/24435\/revisions\/24436"}],"wp:attachment":[{"href":"https:\/\/christusnews.de\/site\/wp-json\/wp\/v2\/media?parent=24435"}],"wp:term":[{"taxonomy":"category","embeddable":true,"href":"https:\/\/christusnews.de\/site\/wp-json\/wp\/v2\/categories?post=24435"},{"taxonomy":"post_tag","embeddable":true,"href":"https:\/\/christusnews.de\/site\/wp-json\/wp\/v2\/tags?post=24435"}],"curies":[{"name":"wp","href":"https:\/\/api.w.org\/{rel}","templated":true}]}}