{"id":24479,"date":"2023-06-21T10:03:00","date_gmt":"2023-06-21T08:03:00","guid":{"rendered":"https:\/\/christusnews.de\/site\/landvolk-alles-steht-und-faellt-mit-dem-regen-landwirtschaftskammer-will-noch-nicht-von-duerre-sprechen\/"},"modified":"2023-06-22T11:17:24","modified_gmt":"2023-06-22T09:17:24","slug":"landvolk-alles-steht-und-faellt-mit-dem-regen-landwirtschaftskammer-will-noch-nicht-von-duerre-sprechen","status":"publish","type":"post","link":"https:\/\/christusnews.de\/site\/landvolk-alles-steht-und-faellt-mit-dem-regen-landwirtschaftskammer-will-noch-nicht-von-duerre-sprechen\/","title":{"rendered":"Landvolk: \u00abAlles steht und f\u00e4llt mit dem Regen\u00bb &#8211; Landwirtschaftskammer will noch nicht von \u00abD\u00fcrre\u00bb sprechen"},"content":{"rendered":"<p class=\"MsoPlainText\">Der seit Wochen anhaltende strahlende Sonnenschein tr\u00fcbt die Stimmung bei den Landwirten. Sie sorgen sich um ihre Felder und hoffen auf Regen. Der Wasser-Experte der Landwirtschaftskammer bleibt noch gelassen. Bisher herrsche noch keine \u00abD\u00fcrre\u00bb.<\/p>\n<p class=\"MsoPlainText\">&nbsp;<\/p>\n<p class=\"MsoPlainText\">Hannover (epd). Die anhaltende Hitze macht Getreide und Feldfr\u00fcchten in Niedersachsen nach Ansicht des Landvolks bereits jetzt zu schaffen. Weil es in den vergangenen Wochen praktisch nicht geregnet hat, ben\u00f6tigten alle Kulturen dringend Niederschl\u00e4ge, sagte der Vorsitzende des Ausschusses Pflanzen beim Landvolk, Karl-Friedrich Meyer, laut einer vom Verband am Mittwoch verbreiteten Mitteilung. Dass die Pflanzen z\u00fcgig Regen ben\u00f6tigen, best\u00e4tigt auch der Wasser-Experte der Landwirtschaftskammer Niedersachsen, Ekkehard Fricke. Doch er will noch nicht von einer \u00abD\u00fcrre\u00bb sprechen.<\/p>\n<p class=\"MsoPlainText\">&nbsp;<\/p>\n<p class=\"MsoPlainText\">Dem Landvolk zufolge hatten Kulturen, die im Herbst in die Erde gekommen sind, wie Winterweizen und -gerste sowie Winterraps aufgrund des Regens zum Jahresbeginn relativ gute Startbedingungen. Trotzdem leide jetzt insbesondere der Weizen unter der seit Mitte Mai anhaltenden landesweiten Trockenheit. Im Fr\u00fchjahr ausgebrachte Kulturen wie Hafer, Mais und Zuckerr\u00fcben st\u00fcnden bisher zwar gut, zeigten aber, insbesondere auf den sandigen Standorten auch schon Trockensch\u00e4den.<\/p>\n<p class=\"MsoPlainText\">&nbsp;<\/p>\n<p class=\"MsoPlainText\">Fricke zufolge beregnen die Landwirte ihre Felder, wo dies m\u00f6glich ist, sagte er dem Evangelischen Pressedienst (epd). Der \u00fcberwiegende Teil der bevorstehenden Getreideernte sei darum nach derzeitiger Einsch\u00e4tzung gesichert. \u00abAber ich mag mir nicht vorstellen, was ist, wenn es weitere vier Wochen lang nicht richtig regnet\u00bb, r\u00e4umte Fricke ein.<\/p>\n<p class=\"MsoPlainText\">&nbsp;<\/p>\n<p class=\"MsoPlainText\">Endg\u00fcltige Aussagen zum Ernteerfolg k\u00f6nnten erst erfolgen, wenn die bevorstehende Getreideernte eingebracht wurde, sagte Fricke. Die Getreideernte beginne fr\u00fchestens Ende Juni und ziehe sich je nach Kultur bis in den August. Bis dahin k\u00f6nne noch viel passieren.<\/p>\n<p class=\"MsoPlainText\">&nbsp;<\/p>\n<p class=\"MsoPlainText\">Fricke betonte jedoch, das Problem ausbleibender Niederschl\u00e4ge werde in Zukunft weiter an Bedeutung gewinnen. \u00abL\u00e4ngere Trockenphasen werden normal. Wir werden lernen m\u00fcssen, damit umzugehen\u00bb, betonte er. Landwirte k\u00f6nten die Fruchtfolge auf den Feldern ver\u00e4ndern und effektivere Beregnungsanlagen einsetzten. Vor allem werde jedoch ein effektives Wassermanagement zukunftsentscheidend sein.<\/p>\n<p>Kirche-Oldenburg<br \/>\n<a href=\"https:\/\/www.kirche-oldenburg.de\/\/aktuell\/news-niedersachsen\/artikel\/landvolk-alles-steht-und-faellt-mit-dem-regen-landwirtschaftskammer-will-noch-nicht-von-duerre-sprechen\" target=\"_blank\" rel=\"noopener\">Landvolk: \u00abAlles steht und f\u00e4llt mit dem Regen\u00bb &#8211; Landwirtschaftskammer will noch nicht von \u00abD\u00fcrre\u00bb sprechen<\/a><\/p>\n","protected":false},"excerpt":{"rendered":"<p>Der seit Wochen anhaltende strahlende Sonnenschein tr\u00fcbt die Stimmung bei den Landwirten. Sie sorgen sich um ihre Felder und hoffen auf Regen. Der Wasser-Experte der Landwirtschaftskammer bleibt noch gelassen. Bisher herrsche noch keine \u00abD\u00fcrre\u00bb. &nbsp; Hannover (epd). Die anhaltende Hitze macht Getreide und Feldfr\u00fcchten in Niedersachsen nach Ansicht des Landvolks bereits jetzt zu schaffen. Weil es in den vergangenen Wochen praktisch nicht geregnet hat, ben\u00f6tigten alle Kulturen dringend Niederschl\u00e4ge, sagte der Vorsitzende des Ausschusses Pflanzen beim Landvolk, Karl-Friedrich Meyer, laut einer vom Verband am Mittwoch verbreiteten Mitteilung. Dass die Pflanzen z\u00fcgig Regen ben\u00f6tigen, best\u00e4tigt auch der Wasser-Experte der Landwirtschaftskammer Niedersachsen,&#8230;<\/p>\n","protected":false},"author":7,"featured_media":0,"comment_status":"false","ping_status":"open","sticky":false,"template":"","format":"standard","meta":{"footnotes":""},"categories":[43],"tags":[44],"class_list":["post-24479","post","type-post","status-publish","format-standard","hentry","category-kirche-oldenburg","tag-kirche-oldenburg"],"_links":{"self":[{"href":"https:\/\/christusnews.de\/site\/wp-json\/wp\/v2\/posts\/24479","targetHints":{"allow":["GET"]}}],"collection":[{"href":"https:\/\/christusnews.de\/site\/wp-json\/wp\/v2\/posts"}],"about":[{"href":"https:\/\/christusnews.de\/site\/wp-json\/wp\/v2\/types\/post"}],"author":[{"embeddable":true,"href":"https:\/\/christusnews.de\/site\/wp-json\/wp\/v2\/users\/7"}],"replies":[{"embeddable":true,"href":"https:\/\/christusnews.de\/site\/wp-json\/wp\/v2\/comments?post=24479"}],"version-history":[{"count":1,"href":"https:\/\/christusnews.de\/site\/wp-json\/wp\/v2\/posts\/24479\/revisions"}],"predecessor-version":[{"id":24480,"href":"https:\/\/christusnews.de\/site\/wp-json\/wp\/v2\/posts\/24479\/revisions\/24480"}],"wp:attachment":[{"href":"https:\/\/christusnews.de\/site\/wp-json\/wp\/v2\/media?parent=24479"}],"wp:term":[{"taxonomy":"category","embeddable":true,"href":"https:\/\/christusnews.de\/site\/wp-json\/wp\/v2\/categories?post=24479"},{"taxonomy":"post_tag","embeddable":true,"href":"https:\/\/christusnews.de\/site\/wp-json\/wp\/v2\/tags?post=24479"}],"curies":[{"name":"wp","href":"https:\/\/api.w.org\/{rel}","templated":true}]}}