{"id":24492,"date":"2023-06-25T10:38:10","date_gmt":"2023-06-25T08:38:10","guid":{"rendered":"https:\/\/christusnews.de\/site\/wie-war-deine-konfizeit-das-haben-wir-unsere-teamerinnen-letzte-woche-gefragt-sie-haben-ueberlegt-was-hat-spass-gemachtwas-hab-ich-entdecktwas-hat-mich-gepraegtwas-war-ein-sege\/"},"modified":"2023-06-25T11:17:23","modified_gmt":"2023-06-25T09:17:23","slug":"wie-war-deine-konfizeit-das-haben-wir-unsere-teamerinnen-letzte-woche-gefragt-sie-haben-ueberlegt-was-hat-spass-gemachtwas-hab-ich-entdecktwas-hat-mich-gepraegtwas-war-ein-sege","status":"publish","type":"post","link":"https:\/\/christusnews.de\/site\/wie-war-deine-konfizeit-das-haben-wir-unsere-teamerinnen-letzte-woche-gefragt-sie-haben-ueberlegt-was-hat-spass-gemachtwas-hab-ich-entdecktwas-hat-mich-gepraegtwas-war-ein-sege\/","title":{"rendered":"&quot;Wie war deine Konfizeit?&quot; \nDas haben wir unsere Teamer*innen letzte Woche gefragt. Sie haben \u00fcberlegt: \nWas hat Spa\u00df gemacht?\nWas hab ich entdeckt?\nWas hat mich gepr\u00e4gt?\nWas war ein Segen?\n\nSie haben dazu Fotos gemacht und sharepics gestaltet. In der n\u00e4chsten Zeit zeigen wir euch einige davon. Wir laden damit ein:\n\nNach dem Sommer startet die neue Konfizeit. Alle Jugendlichen, die jetzt 12 Jahre sind und \/ oder nach den Ferien in dien 7 Klasse kommen k\u00f6nnen sich ab sofort anmelden. Das geht unter https:\/\/wildflecken-camps.de\/konfizeit\/ (Link in der Bio) oder in den Kirchenb\u00fcros. \n\nDas gro\u00dfe Konfizeit-Team freut sich auf euch!"},"content":{"rendered":"<p>&#8220;Wie war deine Konfizeit?&#8221;<br \/>\nDas haben wir unsere Teamer*innen letzte Woche gefragt. Sie haben \u00fcberlegt:<br \/>\nWas hat Spa\u00df gemacht?<br \/>\nWas hab ich entdeckt?<br \/>\nWas hat mich gepr\u00e4gt?<br \/>\nWas war ein Segen?<\/p>\n<p>Sie haben dazu Fotos gemacht und sharepics gestaltet. In der n\u00e4chsten Zeit zeigen wir euch einige davon. Wir laden damit ein:<\/p>\n<p>Nach dem Sommer startet die neue Konfizeit. Alle Jugendlichen, die jetzt 12 Jahre sind und \/ oder nach den Ferien in dien 7 Klasse kommen k\u00f6nnen sich ab sofort anmelden. Das geht unter https:\/\/wildflecken-camps.de\/konfizeit\/ (Link in der Bio) oder in den Kirchenb\u00fcros. <\/p>\n<p>Das gro\u00dfe Konfizeit-Team freut sich auf euch!<br \/>\nHAVENKIRCHE@FB<br \/>\n<a href=\"https:\/\/www.facebook.com\/396185572708352\/posts\/573660848294156\" target=\"_blank\" rel=\"noopener\">&quot;Wie war deine Konfizeit?&quot;<br \/>\nDas haben wir unsere Teamer*innen letzte Woche gefragt. Sie haben \u00fcberlegt:<br \/>\nWas hat Spa\u00df gemacht?<br \/>\nWas hab ich entdeckt?<br \/>\nWas hat mich gepr\u00e4gt?<br \/>\nWas war ein Segen?<\/p>\n<p>Sie haben dazu Fotos gemacht und sharepics gestaltet. In der n\u00e4chsten Zeit zeigen wir euch einige davon. Wir laden damit ein:<\/p>\n<p>Nach dem Sommer startet die neue Konfizeit. Alle Jugendlichen, die jetzt 12 Jahre sind und \/ oder nach den Ferien in dien 7 Klasse kommen k\u00f6nnen sich ab sofort anmelden. Das geht unter https:\/\/wildflecken-camps.de\/konfizeit\/ (Link in der Bio) oder in den Kirchenb\u00fcros. <\/p>\n<p>Das gro\u00dfe Konfizeit-Team freut sich auf euch!<\/a><\/p>\n","protected":false},"excerpt":{"rendered":"<p>&#8220;Wie war deine Konfizeit?&#8221; Das haben wir unsere Teamer*innen letzte Woche gefragt. Sie haben \u00fcberlegt: Was hat Spa\u00df gemacht? Was hab ich entdeckt? Was hat mich gepr\u00e4gt? Was war ein Segen? Sie haben dazu Fotos gemacht und sharepics gestaltet. In der n\u00e4chsten Zeit zeigen wir euch einige davon. Wir laden damit ein: Nach dem Sommer startet die neue Konfizeit. Alle Jugendlichen, die jetzt 12 Jahre sind und \/ oder nach den Ferien in dien 7 Klasse kommen k\u00f6nnen sich ab sofort anmelden. Das geht unter https:\/\/wildflecken-camps.de\/konfizeit\/ (Link in der Bio) oder in den Kirchenb\u00fcros. Das gro\u00dfe Konfizeit-Team freut sich auf&#8230;<\/p>\n","protected":false},"author":6,"featured_media":0,"comment_status":"false","ping_status":"open","sticky":false,"template":"","format":"standard","meta":{"footnotes":""},"categories":[75],"tags":[76],"class_list":["post-24492","post","type-post","status-publish","format-standard","hentry","category-havenkirche","tag-havenkirche"],"_links":{"self":[{"href":"https:\/\/christusnews.de\/site\/wp-json\/wp\/v2\/posts\/24492","targetHints":{"allow":["GET"]}}],"collection":[{"href":"https:\/\/christusnews.de\/site\/wp-json\/wp\/v2\/posts"}],"about":[{"href":"https:\/\/christusnews.de\/site\/wp-json\/wp\/v2\/types\/post"}],"author":[{"embeddable":true,"href":"https:\/\/christusnews.de\/site\/wp-json\/wp\/v2\/users\/6"}],"replies":[{"embeddable":true,"href":"https:\/\/christusnews.de\/site\/wp-json\/wp\/v2\/comments?post=24492"}],"version-history":[{"count":1,"href":"https:\/\/christusnews.de\/site\/wp-json\/wp\/v2\/posts\/24492\/revisions"}],"predecessor-version":[{"id":24493,"href":"https:\/\/christusnews.de\/site\/wp-json\/wp\/v2\/posts\/24492\/revisions\/24493"}],"wp:attachment":[{"href":"https:\/\/christusnews.de\/site\/wp-json\/wp\/v2\/media?parent=24492"}],"wp:term":[{"taxonomy":"category","embeddable":true,"href":"https:\/\/christusnews.de\/site\/wp-json\/wp\/v2\/categories?post=24492"},{"taxonomy":"post_tag","embeddable":true,"href":"https:\/\/christusnews.de\/site\/wp-json\/wp\/v2\/tags?post=24492"}],"curies":[{"name":"wp","href":"https:\/\/api.w.org\/{rel}","templated":true}]}}