{"id":24494,"date":"2023-06-26T11:15:00","date_gmt":"2023-06-26T09:15:00","guid":{"rendered":"https:\/\/christusnews.de\/site\/zwoelf-neue-predigtlektorinnen-und-predigtlektoren\/"},"modified":"2023-06-26T11:17:20","modified_gmt":"2023-06-26T09:17:20","slug":"zwoelf-neue-predigtlektorinnen-und-predigtlektoren","status":"publish","type":"post","link":"https:\/\/christusnews.de\/site\/zwoelf-neue-predigtlektorinnen-und-predigtlektoren\/","title":{"rendered":"Zw\u00f6lf neue Predigtlektorinnen und Predigtlektoren"},"content":{"rendered":"<p>Am Sonntag, dem 2. Juli, 15 Uhr, werden in einem Gottesdienst in der Marienkirche zu Wardenburg zw\u00f6lf neue Predigtlektorinnen und Predigtlektoren von Oberkirchenr\u00e4tin Gudrun Mawick in ihren Dienst eingef\u00fchrt. \u201eDie Ausbildung der ehrenamtlichen Predigtlektorinnen und -lektoren erstreckte sich \u00fcber mehrere Samstage bzw. Wochenenden und wurde mit jeweils einem Kolloquiumsgottesdienst in der Heimatkirchengemeinde der Teilnehmenden abgeschlossen\u201c, erl\u00e4uterte der in der oldenburgischen Kirche f\u00fcr die Lektorenarbeit zust\u00e4ndige Pfarrer Cornelius Grohs. Die Predigtlektorinnen und -lektoren seien daf\u00fcr beauftragt, in ihrer Heimatkirchengemeinde eigenst\u00e4ndig Gottesdienste zu leiten und auf Grundlage einer vorliegenden Lesepredigt zu predigen.<br \/>\n&nbsp; &nbsp;<br \/>\nNeun Predigtlektorinnen und -lektoren hatten 2021\/2022 ihren Kurs in der Ev.-Luth. Kirche in Oldenburg absolviert, drei weitere kommen aus dem ersten Kooperationskurs mit dem Sprengel Ostfriesland\/Ems, der 2022\/2023 stattfand.&nbsp;<br \/>\n&nbsp; &nbsp;<br \/>\nBegr\u00fc\u00dft und verpflichtet werden:<br \/>\n<strong>Kirchenkreis (KK) Friesland\/Wilhelmshaven:<\/strong> Claudia Heidenreich (Sengwarden);&nbsp;<br \/>\n<strong>KK Wesermarsch: <\/strong>Ellen K\u00f6ncke (Nordenham); Chris Schellstede (Blexen);<br \/>\n<strong>KK Ammerland: <\/strong>Meike Butschkus (Bad Zwischenahn); Christine Peters (Apen);&nbsp;<br \/>\n<strong>KK Oldenburg-Stadt:<\/strong> Dirk Boshoven (OL-Osternburg);&nbsp;<br \/>\n<strong>KK Delmenhorst\/Oldenburg-Land:<\/strong> Marcella Becker (Hasbergen); Helen Deepe (Gro\u00dfenkneten); Jens Eichhorn (Alhorn); Felin Poppe (Wardenburg);<br \/>\n<strong>KK Oldenburger M\u00fcnsterland:<\/strong> Alexandra Krone (Damme); Inge Olberding (Fladderlohausen).<br \/>\n&nbsp; &nbsp;<br \/>\nDer Gottesdienst wird gestaltet von Oberkirchenr\u00e4tin Gudrun Mawick, Pfarrer Cornelius Grohs und Kreiskantor Thorsten Ahlrichs. Anschlie\u00dfend findet im Gemeindehaus ein kleiner Empfang statt.&nbsp;<br \/>\n&nbsp;<\/p>\n<p>Kirche-Oldenburg<br \/>\n<a href=\"https:\/\/www.kirche-oldenburg.de\/\/aktuell\/pressemitteilungen\/artikel\/zwoelf-neue-predigtlektorinnen-und-predigtlektoren\" target=\"_blank\" rel=\"noopener\">Zw\u00f6lf neue Predigtlektorinnen und Predigtlektoren<\/a><\/p>\n","protected":false},"excerpt":{"rendered":"<p>Am Sonntag, dem 2. Juli, 15 Uhr, werden in einem Gottesdienst in der Marienkirche zu Wardenburg zw\u00f6lf neue Predigtlektorinnen und Predigtlektoren von Oberkirchenr\u00e4tin Gudrun Mawick in ihren Dienst eingef\u00fchrt. \u201eDie Ausbildung der ehrenamtlichen Predigtlektorinnen und -lektoren erstreckte sich \u00fcber mehrere Samstage bzw. Wochenenden und wurde mit jeweils einem Kolloquiumsgottesdienst in der Heimatkirchengemeinde der Teilnehmenden abgeschlossen\u201c, erl\u00e4uterte der in der oldenburgischen Kirche f\u00fcr die Lektorenarbeit zust\u00e4ndige Pfarrer Cornelius Grohs. Die Predigtlektorinnen und -lektoren seien daf\u00fcr beauftragt, in ihrer Heimatkirchengemeinde eigenst\u00e4ndig Gottesdienste zu leiten und auf Grundlage einer vorliegenden Lesepredigt zu predigen. &nbsp; &nbsp; Neun Predigtlektorinnen und -lektoren hatten 2021\/2022 ihren Kurs&#8230;<\/p>\n","protected":false},"author":7,"featured_media":0,"comment_status":"false","ping_status":"open","sticky":false,"template":"","format":"standard","meta":{"footnotes":""},"categories":[43],"tags":[44],"class_list":["post-24494","post","type-post","status-publish","format-standard","hentry","category-kirche-oldenburg","tag-kirche-oldenburg"],"_links":{"self":[{"href":"https:\/\/christusnews.de\/site\/wp-json\/wp\/v2\/posts\/24494","targetHints":{"allow":["GET"]}}],"collection":[{"href":"https:\/\/christusnews.de\/site\/wp-json\/wp\/v2\/posts"}],"about":[{"href":"https:\/\/christusnews.de\/site\/wp-json\/wp\/v2\/types\/post"}],"author":[{"embeddable":true,"href":"https:\/\/christusnews.de\/site\/wp-json\/wp\/v2\/users\/7"}],"replies":[{"embeddable":true,"href":"https:\/\/christusnews.de\/site\/wp-json\/wp\/v2\/comments?post=24494"}],"version-history":[{"count":1,"href":"https:\/\/christusnews.de\/site\/wp-json\/wp\/v2\/posts\/24494\/revisions"}],"predecessor-version":[{"id":24495,"href":"https:\/\/christusnews.de\/site\/wp-json\/wp\/v2\/posts\/24494\/revisions\/24495"}],"wp:attachment":[{"href":"https:\/\/christusnews.de\/site\/wp-json\/wp\/v2\/media?parent=24494"}],"wp:term":[{"taxonomy":"category","embeddable":true,"href":"https:\/\/christusnews.de\/site\/wp-json\/wp\/v2\/categories?post=24494"},{"taxonomy":"post_tag","embeddable":true,"href":"https:\/\/christusnews.de\/site\/wp-json\/wp\/v2\/tags?post=24494"}],"curies":[{"name":"wp","href":"https:\/\/api.w.org\/{rel}","templated":true}]}}