{"id":24504,"date":"2023-06-26T18:22:00","date_gmt":"2023-06-26T16:22:00","guid":{"rendered":"https:\/\/christusnews.de\/site\/seit-57-jahren-erfolgreiche-oekumenische-gespraeche\/"},"modified":"2023-06-26T23:17:27","modified_gmt":"2023-06-26T21:17:27","slug":"seit-57-jahren-erfolgreiche-oekumenische-gespraeche","status":"publish","type":"post","link":"https:\/\/christusnews.de\/site\/seit-57-jahren-erfolgreiche-oekumenische-gespraeche\/","title":{"rendered":"Seit 57 Jahren erfolgreiche \u00f6kumenische Gespr\u00e4che"},"content":{"rendered":"<p>Mitglieder der Kirchenleitungen der Evangelisch-Lutherischen Kirche in Oldenburg und des Bistums M\u00fcnster sind am Montag, 23. Juni, zum traditionellen Oldenburger \u00d6kumenischen Gespr\u00e4ch in der Evangelischen Heimvolkshochschule Rastede zusammengekommen. Inhaltlicher Schwerpunkt der diesj\u00e4hrigen Begegnung stellten die Herausforderungen dar, vor denen sich die Kirchenleitungen der beiden gro\u00dfen christlichen Kirchen im Oldenburger Land durch den Klimawandel gestellt sehen.&nbsp;<br \/>\n&nbsp; &nbsp;<br \/>\nIm Auftrag der diesj\u00e4hrigen Gastgeberin, der Ev.-Luth. Kirche in Oldenburg, f\u00fchrten der Synodale Klaus Flaake aus Hude und Pfarrer Olaf Grobleben aus Oldenburg mit einem Impulsreferat in die Thematik ein. Zu Beginn seiner Ausf\u00fchrungen zog Pfarrer Grobleben, Beauftragter f\u00fcr \u00d6kumene, interreligi\u00f6se und &nbsp;weltanschauliche Fragen, eine kritische Verbindungslinie zwischen zentralen christlichen Aussagen zur Sch\u00f6pfung auf der einen und den damit verbundenen ethischen Herausforderungen auf der anderen Seite. Im Anschluss daran erl\u00e4uterte der Vorsitzende der synodalen Steuerungsgruppe Klimaschutz Klaus Flaake zun\u00e4chst die Klimaschutzrichtlinie, die von der Evangelischen Kirche in Deutschland verabschiedet wurde. Im Anschluss daran benannte der pensionierte Ingenieur konkrete Herausforderungen aus seiner Sicht f\u00fcr die Ev.-Luth. Kirche in Oldenburg. Am Ende seiner Ausf\u00fchrungen betonte der Synodale, dass beide Kirchen auch gemeinsam \u00fcberlegen sollten, wie den Herausforderungen zu begegnen sei. Die Kirchen m\u00f6gen nicht bei kleinteiligen L\u00f6sungen, wie etwa eine Photovoltaik-Anlage auf D\u00e4chern von Kirchengeb\u00e4uden, stehenbleiben. Gr\u00f6\u00dferen Anlagen zur Energiegewinnung etwa auf kirchlichen L\u00e4ndereien h\u00e4tten deutliche Vorteile, die angestrebten Klimaschutzziele zu erreichen. Zu \u00fcberlegen sei dabei auch, ob und wie das in \u00f6kumenischer Zusammenarbeit geschehen k\u00f6nne.&nbsp;<br \/>\n&nbsp; &nbsp;<br \/>\nDie \u00f6kumenischen Gespr\u00e4che zwischen den Kirchenleitungen der Evangelisch-Lutherischen Kirche in Oldenburg und des Bistums M\u00fcnster sind der \u00e4lteste \u00f6kumenische Arbeitskreis auf Kirchenleitungsebene in der Bundesrepublik, der 1966 ins Leben gerufen worden war. Begonnen haben die Gespr\u00e4che 1964 mit dem Zweiten Vatikanischen Konzil. Das dort verabschiedete \u00d6kumenismusdekret hatte der r\u00f6misch-katholischen Kirche die T\u00fcr zur \u00d6kumene ge\u00f6ffnet. Auf Anregung des Oldenburger ev.-luth. Bischofs Gerhard Jacobi an den M\u00fcnsteraner Bischof Dr. Joseph H\u00f6ffner trafen sich am 8. Januar 1966 zum ersten Mal 16 Vertreter beider Kirchen in Vechta. Von diesen Gespr\u00e4chen strahlten im Laufe der Zeit viele Impulse f\u00fcr die \u00d6kumene nach ganz Deutschland aus.<br \/>\n&nbsp; &nbsp;<br \/>\nAm diesj\u00e4hrigen Oldenburgischen \u00d6kumenischen Arbeitskreis nahmen teil auf ev.-luth. Seite: Synodalpr\u00e4sidentin Sabine Bl\u00fctchen; Bischof Thomas Adomeit; Oberkirchenrat Sebastian Gro\u00df; Oberkirchenrat Udo Heinen; Oberkirchenr\u00e4tin Gudrun Mawick; Oberkirchenrat Detlef Mucks-B\u00fcker; Synodale Klaus Flaake; Pfarrer Olaf Grobleben; sowie auf katholischer Seite: Bischof Dr. Felix Genn aus M\u00fcnster; Weihbischof und Bisch\u00f6flicher Offizial Wilfried Theising aus Vechta; Dr. Markus Wonka und Stefanie Roehll.<\/p>\n<p>Kirche-Oldenburg<br \/>\n<a href=\"https:\/\/www.kirche-oldenburg.de\/\/aktuell\/pressemitteilungen\/artikel\/seit-57-jahren-erfolgreiche-oekumenische-gespraeche\" target=\"_blank\" rel=\"noopener\">Seit 57 Jahren erfolgreiche \u00f6kumenische Gespr\u00e4che<\/a><\/p>\n","protected":false},"excerpt":{"rendered":"<p>Mitglieder der Kirchenleitungen der Evangelisch-Lutherischen Kirche in Oldenburg und des Bistums M\u00fcnster sind am Montag, 23. Juni, zum traditionellen Oldenburger \u00d6kumenischen Gespr\u00e4ch in der Evangelischen Heimvolkshochschule Rastede zusammengekommen. Inhaltlicher Schwerpunkt der diesj\u00e4hrigen Begegnung stellten die Herausforderungen dar, vor denen sich die Kirchenleitungen der beiden gro\u00dfen christlichen Kirchen im Oldenburger Land durch den Klimawandel gestellt sehen.&nbsp; &nbsp; &nbsp; Im Auftrag der diesj\u00e4hrigen Gastgeberin, der Ev.-Luth. Kirche in Oldenburg, f\u00fchrten der Synodale Klaus Flaake aus Hude und Pfarrer Olaf Grobleben aus Oldenburg mit einem Impulsreferat in die Thematik ein. Zu Beginn seiner Ausf\u00fchrungen zog Pfarrer Grobleben, Beauftragter f\u00fcr \u00d6kumene, interreligi\u00f6se und &nbsp;weltanschauliche&#8230;<\/p>\n","protected":false},"author":7,"featured_media":0,"comment_status":"false","ping_status":"open","sticky":false,"template":"","format":"standard","meta":{"footnotes":""},"categories":[43],"tags":[44],"class_list":["post-24504","post","type-post","status-publish","format-standard","hentry","category-kirche-oldenburg","tag-kirche-oldenburg"],"_links":{"self":[{"href":"https:\/\/christusnews.de\/site\/wp-json\/wp\/v2\/posts\/24504","targetHints":{"allow":["GET"]}}],"collection":[{"href":"https:\/\/christusnews.de\/site\/wp-json\/wp\/v2\/posts"}],"about":[{"href":"https:\/\/christusnews.de\/site\/wp-json\/wp\/v2\/types\/post"}],"author":[{"embeddable":true,"href":"https:\/\/christusnews.de\/site\/wp-json\/wp\/v2\/users\/7"}],"replies":[{"embeddable":true,"href":"https:\/\/christusnews.de\/site\/wp-json\/wp\/v2\/comments?post=24504"}],"version-history":[{"count":1,"href":"https:\/\/christusnews.de\/site\/wp-json\/wp\/v2\/posts\/24504\/revisions"}],"predecessor-version":[{"id":24505,"href":"https:\/\/christusnews.de\/site\/wp-json\/wp\/v2\/posts\/24504\/revisions\/24505"}],"wp:attachment":[{"href":"https:\/\/christusnews.de\/site\/wp-json\/wp\/v2\/media?parent=24504"}],"wp:term":[{"taxonomy":"category","embeddable":true,"href":"https:\/\/christusnews.de\/site\/wp-json\/wp\/v2\/categories?post=24504"},{"taxonomy":"post_tag","embeddable":true,"href":"https:\/\/christusnews.de\/site\/wp-json\/wp\/v2\/tags?post=24504"}],"curies":[{"name":"wp","href":"https:\/\/api.w.org\/{rel}","templated":true}]}}