{"id":24516,"date":"2023-06-26T19:08:02","date_gmt":"2023-06-26T17:08:02","guid":{"rendered":"https:\/\/christusnews.de\/site\/leider-muss-die-offizielle-eroeffnung-der-fotoausstellung-m-e-e-r-z-e-i-t-wegen-krankheit-in-der-christus-und-garnisonkirche-verschoben-werden-geplant-war-der-29-6-eine-besondere-ausstellung-w\/"},"modified":"2023-06-26T23:17:31","modified_gmt":"2023-06-26T21:17:31","slug":"leider-muss-die-offizielle-eroeffnung-der-fotoausstellung-m-e-e-r-z-e-i-t-wegen-krankheit-in-der-christus-und-garnisonkirche-verschoben-werden-geplant-war-der-29-6-eine-besondere-ausstellung-w","status":"publish","type":"post","link":"https:\/\/christusnews.de\/site\/leider-muss-die-offizielle-eroeffnung-der-fotoausstellung-m-e-e-r-z-e-i-t-wegen-krankheit-in-der-christus-und-garnisonkirche-verschoben-werden-geplant-war-der-29-6-eine-besondere-ausstellung-w\/","title":{"rendered":"Leider muss die offizielle Er\u00f6ffnung der Fotoausstellung M.E.E.R.Z.E.I.T. (wegen Krankheit) in der Christus- und Garnisonkirche verschoben werden (Geplant war der 29.6.)\n\nEine besondere Ausstellung wurde vor drei Wochen im S\u00fcdschiff er\u00f6ffnet. M.E.E.R.Z.E.I.T. Die Bilder der Wilhelmshavener Fotok\u00fcnstlerin Katrin Westphal werden gezeigt. Eine wundervolle Ausstellung mit gro\u00dfer Unterst\u00fctzung durch den Freundeskreis des Wattenmeerhauses. Wegen Krankheit muss nun leider die offizielle Er\u00f6ffnung verschoben werden.  Der neue Termin wird rechtzeitig offiziell bekannt gegeben. Die Bilder sind w\u00e4hrend der \u00d6ffnungszeit der Kirche im ganzen Sommer zu sehen."},"content":{"rendered":"<p>Leider muss die offizielle Er\u00f6ffnung der Fotoausstellung M.E.E.R.Z.E.I.T. (wegen Krankheit) in der Christus- und Garnisonkirche verschoben werden (Geplant war der 29.6.)<\/p>\n<p>Eine besondere Ausstellung wurde vor drei Wochen im S\u00fcdschiff er\u00f6ffnet. M.E.E.R.Z.E.I.T. Die Bilder der Wilhelmshavener Fotok\u00fcnstlerin Katrin Westphal werden gezeigt. Eine wundervolle Ausstellung mit gro\u00dfer Unterst\u00fctzung durch den Freundeskreis des Wattenmeerhauses. Wegen Krankheit muss nun leider die offizielle Er\u00f6ffnung verschoben werden.  Der neue Termin wird rechtzeitig offiziell bekannt gegeben. Die Bilder sind w\u00e4hrend der \u00d6ffnungszeit der Kirche im ganzen Sommer zu sehen.<br \/>\nHAVENKIRCHE@FB<br \/>\n<a href=\"https:\/\/www.facebook.com\/396185572708352\/posts\/574417254885182\" target=\"_blank\" rel=\"noopener\">Leider muss die offizielle Er\u00f6ffnung der Fotoausstellung M.E.E.R.Z.E.I.T. (wegen Krankheit) in der Christus- und Garnisonkirche verschoben werden (Geplant war der 29.6.)<\/p>\n<p>Eine besondere Ausstellung wurde vor drei Wochen im S\u00fcdschiff er\u00f6ffnet. M.E.E.R.Z.E.I.T. Die Bilder der Wilhelmshavener Fotok\u00fcnstlerin Katrin Westphal werden gezeigt. Eine wundervolle Ausstellung mit gro\u00dfer Unterst\u00fctzung durch den Freundeskreis des Wattenmeerhauses. Wegen Krankheit muss nun leider die offizielle Er\u00f6ffnung verschoben werden.  Der neue Termin wird rechtzeitig offiziell bekannt gegeben. Die Bilder sind w\u00e4hrend der \u00d6ffnungszeit der Kirche im ganzen Sommer zu sehen.<\/a><\/p>\n","protected":false},"excerpt":{"rendered":"<p>Leider muss die offizielle Er\u00f6ffnung der Fotoausstellung M.E.E.R.Z.E.I.T. (wegen Krankheit) in der Christus- und Garnisonkirche verschoben werden (Geplant war der 29.6.) Eine besondere Ausstellung wurde vor drei Wochen im S\u00fcdschiff er\u00f6ffnet. M.E.E.R.Z.E.I.T. Die Bilder der Wilhelmshavener Fotok\u00fcnstlerin Katrin Westphal werden gezeigt. Eine wundervolle Ausstellung mit gro\u00dfer Unterst\u00fctzung durch den Freundeskreis des Wattenmeerhauses. Wegen Krankheit muss nun leider die offizielle Er\u00f6ffnung verschoben werden. Der neue Termin wird rechtzeitig offiziell bekannt gegeben. Die Bilder sind w\u00e4hrend der \u00d6ffnungszeit der Kirche im ganzen Sommer zu sehen. HAVENKIRCHE@FB Leider muss die offizielle Er\u00f6ffnung der Fotoausstellung M.E.E.R.Z.E.I.T. (wegen Krankheit) in der Christus- und Garnisonkirche verschoben&#8230;<\/p>\n","protected":false},"author":6,"featured_media":0,"comment_status":"false","ping_status":"open","sticky":false,"template":"","format":"standard","meta":{"footnotes":""},"categories":[75],"tags":[76],"class_list":["post-24516","post","type-post","status-publish","format-standard","hentry","category-havenkirche","tag-havenkirche"],"_links":{"self":[{"href":"https:\/\/christusnews.de\/site\/wp-json\/wp\/v2\/posts\/24516","targetHints":{"allow":["GET"]}}],"collection":[{"href":"https:\/\/christusnews.de\/site\/wp-json\/wp\/v2\/posts"}],"about":[{"href":"https:\/\/christusnews.de\/site\/wp-json\/wp\/v2\/types\/post"}],"author":[{"embeddable":true,"href":"https:\/\/christusnews.de\/site\/wp-json\/wp\/v2\/users\/6"}],"replies":[{"embeddable":true,"href":"https:\/\/christusnews.de\/site\/wp-json\/wp\/v2\/comments?post=24516"}],"version-history":[{"count":1,"href":"https:\/\/christusnews.de\/site\/wp-json\/wp\/v2\/posts\/24516\/revisions"}],"predecessor-version":[{"id":24517,"href":"https:\/\/christusnews.de\/site\/wp-json\/wp\/v2\/posts\/24516\/revisions\/24517"}],"wp:attachment":[{"href":"https:\/\/christusnews.de\/site\/wp-json\/wp\/v2\/media?parent=24516"}],"wp:term":[{"taxonomy":"category","embeddable":true,"href":"https:\/\/christusnews.de\/site\/wp-json\/wp\/v2\/categories?post=24516"},{"taxonomy":"post_tag","embeddable":true,"href":"https:\/\/christusnews.de\/site\/wp-json\/wp\/v2\/tags?post=24516"}],"curies":[{"name":"wp","href":"https:\/\/api.w.org\/{rel}","templated":true}]}}