{"id":24540,"date":"2023-06-29T10:38:00","date_gmt":"2023-06-29T08:38:00","guid":{"rendered":"https:\/\/christusnews.de\/site\/sozialverband-fordert-mehr-unterstuetzung-fuer-pflegende-angehoerige\/"},"modified":"2023-06-30T11:18:25","modified_gmt":"2023-06-30T09:18:25","slug":"sozialverband-fordert-mehr-unterstuetzung-fuer-pflegende-angehoerige","status":"publish","type":"post","link":"https:\/\/christusnews.de\/site\/sozialverband-fordert-mehr-unterstuetzung-fuer-pflegende-angehoerige\/","title":{"rendered":"Sozialverband fordert mehr Unterst\u00fctzung f\u00fcr pflegende Angeh\u00f6rige"},"content":{"rendered":"<p class=\"MsoPlainText\">Oldenburg (epd). Der Sozialverband VdK Niedersachsen-Bremen fordert eine st\u00e4rkere Entlastung pflegender Angeh\u00f6riger. Wer Sorget\u00e4tigkeit \u00fcbernehme, sei \u00fcberdurchschnittlich von Altersarmut bedroht, warnte der Verband in einer am Donnerstag ver\u00f6ffentlichten sozialpolitischen Resolution. Hinzu komme, dass pflegende Angeh\u00f6rige h\u00e4ufig physisch und psychisch an ihre Grenzen stie\u00dfen. \u00abEine Entlastung ist somit essenziell\u00bb, erkl\u00e4rte der VdK-Landesvorsitzende Friedrich Stubbe.<\/p>\n<p class=\"MsoPlainText\">&nbsp;<\/p>\n<p class=\"MsoPlainText\">Der VdK mit Sitz in Oldenburg hat einen Katalog von zw\u00f6lf Forderungen zusammengestellt, die aus Sicht des Verbandes die Versorgungsstrukturen st\u00e4rken und somit entlastend wirken. Dazu geh\u00f6rt beispielsweise die finanzielle und sozialversicherungsrechtliche Absicherung pflegender Angeh\u00f6riger, um deren Armutsrisiko besser zu bek\u00e4mpfen.<\/p>\n<p class=\"MsoPlainText\">&nbsp;<\/p>\n<p class=\"MsoPlainText\">Ein weiterer zentraler Punkt ist eine verl\u00e4ssliche Ganztagsbetreuung in Kitas und Schulen, damit Eltern ihren Lebensunterhalt und ihre Rente absichern k\u00f6nnen. Wichtig seien \u00fcberdies der Anspruch auf einen Tagespflegeplatz f\u00fcr Pflegebed\u00fcrftige, eine St\u00e4rkung der Pflegest\u00fctzpunkte f\u00fcr eine bessere Beratung sowie ein besonderer Fokus auf Alleinerziehende, die finanziell und zeitlich \u00fcberproportional belastet seien.<\/p>\n<p class=\"MsoPlainText\">&nbsp;<\/p>\n<p>Kirche-Oldenburg<br \/>\n<a href=\"https:\/\/www.kirche-oldenburg.de\/\/aktuell\/news-niedersachsen\/artikel\/sozialverband-fordert-mehr-unterstuetzung-fuer-pflegende-angehoerige\" target=\"_blank\" rel=\"noopener\">Sozialverband fordert mehr Unterst\u00fctzung f\u00fcr pflegende Angeh\u00f6rige<\/a><\/p>\n","protected":false},"excerpt":{"rendered":"<p>Oldenburg (epd). Der Sozialverband VdK Niedersachsen-Bremen fordert eine st\u00e4rkere Entlastung pflegender Angeh\u00f6riger. Wer Sorget\u00e4tigkeit \u00fcbernehme, sei \u00fcberdurchschnittlich von Altersarmut bedroht, warnte der Verband in einer am Donnerstag ver\u00f6ffentlichten sozialpolitischen Resolution. Hinzu komme, dass pflegende Angeh\u00f6rige h\u00e4ufig physisch und psychisch an ihre Grenzen stie\u00dfen. \u00abEine Entlastung ist somit essenziell\u00bb, erkl\u00e4rte der VdK-Landesvorsitzende Friedrich Stubbe. &nbsp; Der VdK mit Sitz in Oldenburg hat einen Katalog von zw\u00f6lf Forderungen zusammengestellt, die aus Sicht des Verbandes die Versorgungsstrukturen st\u00e4rken und somit entlastend wirken. Dazu geh\u00f6rt beispielsweise die finanzielle und sozialversicherungsrechtliche Absicherung pflegender Angeh\u00f6riger, um deren Armutsrisiko besser zu bek\u00e4mpfen. &nbsp; Ein weiterer zentraler Punkt&#8230;<\/p>\n","protected":false},"author":7,"featured_media":0,"comment_status":"false","ping_status":"open","sticky":false,"template":"","format":"standard","meta":{"footnotes":""},"categories":[43],"tags":[44],"class_list":["post-24540","post","type-post","status-publish","format-standard","hentry","category-kirche-oldenburg","tag-kirche-oldenburg"],"_links":{"self":[{"href":"https:\/\/christusnews.de\/site\/wp-json\/wp\/v2\/posts\/24540","targetHints":{"allow":["GET"]}}],"collection":[{"href":"https:\/\/christusnews.de\/site\/wp-json\/wp\/v2\/posts"}],"about":[{"href":"https:\/\/christusnews.de\/site\/wp-json\/wp\/v2\/types\/post"}],"author":[{"embeddable":true,"href":"https:\/\/christusnews.de\/site\/wp-json\/wp\/v2\/users\/7"}],"replies":[{"embeddable":true,"href":"https:\/\/christusnews.de\/site\/wp-json\/wp\/v2\/comments?post=24540"}],"version-history":[{"count":1,"href":"https:\/\/christusnews.de\/site\/wp-json\/wp\/v2\/posts\/24540\/revisions"}],"predecessor-version":[{"id":24541,"href":"https:\/\/christusnews.de\/site\/wp-json\/wp\/v2\/posts\/24540\/revisions\/24541"}],"wp:attachment":[{"href":"https:\/\/christusnews.de\/site\/wp-json\/wp\/v2\/media?parent=24540"}],"wp:term":[{"taxonomy":"category","embeddable":true,"href":"https:\/\/christusnews.de\/site\/wp-json\/wp\/v2\/categories?post=24540"},{"taxonomy":"post_tag","embeddable":true,"href":"https:\/\/christusnews.de\/site\/wp-json\/wp\/v2\/tags?post=24540"}],"curies":[{"name":"wp","href":"https:\/\/api.w.org\/{rel}","templated":true}]}}