{"id":24548,"date":"2023-07-02T21:20:48","date_gmt":"2023-07-02T19:20:48","guid":{"rendered":"https:\/\/christusnews.de\/site\/die-wildflecken-camps-stehen-vor-der-tuer-die-letzten-kisten-werden-gerade-gepackt-am-donnerstag-startet-puenktlich-zum-ferienbeginn-zuerst-das-konficamp-wer-naechstes-jahr-dabei-sein-will-meld\/"},"modified":"2023-07-02T23:17:50","modified_gmt":"2023-07-02T21:17:50","slug":"die-wildflecken-camps-stehen-vor-der-tuer-die-letzten-kisten-werden-gerade-gepackt-am-donnerstag-startet-puenktlich-zum-ferienbeginn-zuerst-das-konficamp-wer-naechstes-jahr-dabei-sein-will-meld","status":"publish","type":"post","link":"https:\/\/christusnews.de\/site\/die-wildflecken-camps-stehen-vor-der-tuer-die-letzten-kisten-werden-gerade-gepackt-am-donnerstag-startet-puenktlich-zum-ferienbeginn-zuerst-das-konficamp-wer-naechstes-jahr-dabei-sein-will-meld\/","title":{"rendered":"Die Wildflecken-Camps stehen vor der T\u00fcr.  \nDie letzten Kisten werden gerade gepackt.\n\nAm Donnerstag startet p\u00fcnktlich zum Ferienbeginn zuerst das Konficamp. Wer n\u00e4chstes Jahr dabei sein will, meldet sich jetzt zur Konfizeit an: www.wildflecken-camps.de\/konfizeit\/\n\nNach dem Sommer geht es los mit dem neuen Konfi-Jahrgang. Wir freuen uns auf Jugendliche, die dann 12 Jahre sind bzw. in die 7. Klasse kommen. Auch wer nicht getauft ist und bisher vielleicht nichts mit Kirche zu tun hatte: Herzlich willkommen! Wir machen uns zusammen auf den Weg.\n\nKonfiZeit &#8211; Deine Zeit: Danke an unsere Teamer*innen Kemi, Letizia, Hannah, Sophie und Marten f\u00fcr euer sharepic!"},"content":{"rendered":"<p>Die Wildflecken-Camps stehen vor der T\u00fcr.<br \/>\nDie letzten Kisten werden gerade gepackt.<\/p>\n<p>Am Donnerstag startet p\u00fcnktlich zum Ferienbeginn zuerst das Konficamp. Wer n\u00e4chstes Jahr dabei sein will, meldet sich jetzt zur Konfizeit an: www.wildflecken-camps.de\/konfizeit\/<\/p>\n<p>Nach dem Sommer geht es los mit dem neuen Konfi-Jahrgang. Wir freuen uns auf Jugendliche, die dann 12 Jahre sind bzw. in die 7. Klasse kommen. Auch wer nicht getauft ist und bisher vielleicht nichts mit Kirche zu tun hatte: Herzlich willkommen! Wir machen uns zusammen auf den Weg.<\/p>\n<p>KonfiZeit &#8211; Deine Zeit: Danke an unsere Teamer*innen Kemi, Letizia, Hannah, Sophie und Marten f\u00fcr euer sharepic!<br \/>\nHAVENKIRCHE@FB<br \/>\n<a href=\"https:\/\/www.facebook.com\/396185572708352\/posts\/577886657871575\" target=\"_blank\" rel=\"noopener\">Die Wildflecken-Camps stehen vor der T\u00fcr.<br \/>\nDie letzten Kisten werden gerade gepackt.<\/p>\n<p>Am Donnerstag startet p\u00fcnktlich zum Ferienbeginn zuerst das Konficamp. Wer n\u00e4chstes Jahr dabei sein will, meldet sich jetzt zur Konfizeit an: www.wildflecken-camps.de\/konfizeit\/<\/p>\n<p>Nach dem Sommer geht es los mit dem neuen Konfi-Jahrgang. Wir freuen uns auf Jugendliche, die dann 12 Jahre sind bzw. in die 7. Klasse kommen. Auch wer nicht getauft ist und bisher vielleicht nichts mit Kirche zu tun hatte: Herzlich willkommen! Wir machen uns zusammen auf den Weg.<\/p>\n<p>KonfiZeit &#8211; Deine Zeit: Danke an unsere Teamer*innen Kemi, Letizia, Hannah, Sophie und Marten f\u00fcr euer sharepic!<\/a><\/p>\n","protected":false},"excerpt":{"rendered":"<p>Die Wildflecken-Camps stehen vor der T\u00fcr. Die letzten Kisten werden gerade gepackt. Am Donnerstag startet p\u00fcnktlich zum Ferienbeginn zuerst das Konficamp. Wer n\u00e4chstes Jahr dabei sein will, meldet sich jetzt zur Konfizeit an: www.wildflecken-camps.de\/konfizeit\/ Nach dem Sommer geht es los mit dem neuen Konfi-Jahrgang. Wir freuen uns auf Jugendliche, die dann 12 Jahre sind bzw. in die 7. Klasse kommen. Auch wer nicht getauft ist und bisher vielleicht nichts mit Kirche zu tun hatte: Herzlich willkommen! Wir machen uns zusammen auf den Weg. KonfiZeit &#8211; Deine Zeit: Danke an unsere Teamer*innen Kemi, Letizia, Hannah, Sophie und Marten f\u00fcr euer sharepic!&#8230;<\/p>\n","protected":false},"author":6,"featured_media":0,"comment_status":"false","ping_status":"open","sticky":false,"template":"","format":"standard","meta":{"footnotes":""},"categories":[75],"tags":[76],"class_list":["post-24548","post","type-post","status-publish","format-standard","hentry","category-havenkirche","tag-havenkirche"],"_links":{"self":[{"href":"https:\/\/christusnews.de\/site\/wp-json\/wp\/v2\/posts\/24548","targetHints":{"allow":["GET"]}}],"collection":[{"href":"https:\/\/christusnews.de\/site\/wp-json\/wp\/v2\/posts"}],"about":[{"href":"https:\/\/christusnews.de\/site\/wp-json\/wp\/v2\/types\/post"}],"author":[{"embeddable":true,"href":"https:\/\/christusnews.de\/site\/wp-json\/wp\/v2\/users\/6"}],"replies":[{"embeddable":true,"href":"https:\/\/christusnews.de\/site\/wp-json\/wp\/v2\/comments?post=24548"}],"version-history":[{"count":1,"href":"https:\/\/christusnews.de\/site\/wp-json\/wp\/v2\/posts\/24548\/revisions"}],"predecessor-version":[{"id":24549,"href":"https:\/\/christusnews.de\/site\/wp-json\/wp\/v2\/posts\/24548\/revisions\/24549"}],"wp:attachment":[{"href":"https:\/\/christusnews.de\/site\/wp-json\/wp\/v2\/media?parent=24548"}],"wp:term":[{"taxonomy":"category","embeddable":true,"href":"https:\/\/christusnews.de\/site\/wp-json\/wp\/v2\/categories?post=24548"},{"taxonomy":"post_tag","embeddable":true,"href":"https:\/\/christusnews.de\/site\/wp-json\/wp\/v2\/tags?post=24548"}],"curies":[{"name":"wp","href":"https:\/\/api.w.org\/{rel}","templated":true}]}}