{"id":24554,"date":"2023-07-02T16:35:00","date_gmt":"2023-07-02T14:35:00","guid":{"rendered":"https:\/\/christusnews.de\/site\/bundeszentrale-wahl-der-afd-mehr-als-protest\/"},"modified":"2023-07-03T23:18:10","modified_gmt":"2023-07-03T21:18:10","slug":"bundeszentrale-wahl-der-afd-mehr-als-protest","status":"publish","type":"post","link":"https:\/\/christusnews.de\/site\/bundeszentrale-wahl-der-afd-mehr-als-protest\/","title":{"rendered":"Bundeszentrale: Wahl der AfD mehr als Protest"},"content":{"rendered":"<p class=\"MsoPlainText\">Hannover\/Sonneberg (epd). Die Bundeszentrale f\u00fcr politische Bildung hat davor gewarnt, die Wahl der AfD als Protest oder als typisch ostdeutsch abzutun. Das sei ein Verharmlosung, sagte ihr Pr\u00e4sident Thomas Kr\u00fcger dem \u00abRedaktionsNetzwerk Deutschland\u00bb (Sonntag) mit Blick auf die Wahl des AfD-Politikers Robert Sesselmann zum ersten deutschen AfD-Landrat im th\u00fcringischen Sonneberg.<\/p>\n<p class=\"MsoPlainText\">&nbsp;<\/p>\n<p class=\"MsoPlainText\">\u00abDie W\u00e4hlerinnen und W\u00e4hler wollen diese Partei, darin besteht der Ernst der Lage\u00bb, betonte der Chef der Bundeszentrale auch mit Blick auf die hohen Umfragewerte f\u00fcr die AfD. \u00abIn Teilen der Gesellschaft haben sich bestimmte Positionen etabliert, die mit demokratischen Prinzipien unvereinbar sind.\u00bb Die AfD sei ein \u00aberfolgreiches Radikalisierungskollektiv\u00bb.<\/p>\n<p class=\"MsoPlainText\">&nbsp;<\/p>\n<p class=\"MsoPlainText\">Hinter dem Etikett \u00abtypisch ostdeutsch\u00bb verberge sich eher der Versuch der Nicht-Ostdeutschen, das Ph\u00e4nomen zu erkl\u00e4ren, sagte Kr\u00fcger, der selbst aus Th\u00fcringen kommt. \u00abUnd dieses Ph\u00e4nomen besteht darin, dass relativ gut situierte B\u00fcrgerinnen und B\u00fcrger in einem sehr kleinen Landkreis der Meinung sind, dass rassistische, antisemitische und menschenfeindliche Positionen von einer vorrangig von Westdeutschen repr\u00e4sentierten und in Teilen rechtsextremen Partei salonf\u00e4hig gemacht werden.\u00bb<\/p>\n<p class=\"MsoPlainText\">&nbsp;<\/p>\n<p class=\"MsoPlainText\">Er kenne viele Ostdeutsche, die da nicht mitmachten, sagte Kr\u00fcger. Vielmehr gebe es in vielen L\u00e4ndern mittlerweile \u00abein Diffundieren der gesellschaftlichen Mitte\u00bb mit negativen Konsequenzen f\u00fcr Parteien der Mitte. Kr\u00fcger rief deshalb dazu auf, \u00abden Common Sense in der Mitte der Gesellschaft zu st\u00e4rken\u00bb.<\/p>\n<p>Kirche-Oldenburg<br \/>\n<a href=\"https:\/\/www.kirche-oldenburg.de\/\/aktuell\/news-niedersachsen\/artikel\/bundeszentrale-wahl-der-afd-mehr-als-protest\" target=\"_blank\" rel=\"noopener\">Bundeszentrale: Wahl der AfD mehr als Protest<\/a><\/p>\n","protected":false},"excerpt":{"rendered":"<p>Hannover\/Sonneberg (epd). Die Bundeszentrale f\u00fcr politische Bildung hat davor gewarnt, die Wahl der AfD als Protest oder als typisch ostdeutsch abzutun. Das sei ein Verharmlosung, sagte ihr Pr\u00e4sident Thomas Kr\u00fcger dem \u00abRedaktionsNetzwerk Deutschland\u00bb (Sonntag) mit Blick auf die Wahl des AfD-Politikers Robert Sesselmann zum ersten deutschen AfD-Landrat im th\u00fcringischen Sonneberg. &nbsp; \u00abDie W\u00e4hlerinnen und W\u00e4hler wollen diese Partei, darin besteht der Ernst der Lage\u00bb, betonte der Chef der Bundeszentrale auch mit Blick auf die hohen Umfragewerte f\u00fcr die AfD. \u00abIn Teilen der Gesellschaft haben sich bestimmte Positionen etabliert, die mit demokratischen Prinzipien unvereinbar sind.\u00bb Die AfD sei ein \u00aberfolgreiches Radikalisierungskollektiv\u00bb&#8230;.<\/p>\n","protected":false},"author":7,"featured_media":0,"comment_status":"false","ping_status":"open","sticky":false,"template":"","format":"standard","meta":{"footnotes":""},"categories":[43],"tags":[44],"class_list":["post-24554","post","type-post","status-publish","format-standard","hentry","category-kirche-oldenburg","tag-kirche-oldenburg"],"_links":{"self":[{"href":"https:\/\/christusnews.de\/site\/wp-json\/wp\/v2\/posts\/24554","targetHints":{"allow":["GET"]}}],"collection":[{"href":"https:\/\/christusnews.de\/site\/wp-json\/wp\/v2\/posts"}],"about":[{"href":"https:\/\/christusnews.de\/site\/wp-json\/wp\/v2\/types\/post"}],"author":[{"embeddable":true,"href":"https:\/\/christusnews.de\/site\/wp-json\/wp\/v2\/users\/7"}],"replies":[{"embeddable":true,"href":"https:\/\/christusnews.de\/site\/wp-json\/wp\/v2\/comments?post=24554"}],"version-history":[{"count":1,"href":"https:\/\/christusnews.de\/site\/wp-json\/wp\/v2\/posts\/24554\/revisions"}],"predecessor-version":[{"id":24555,"href":"https:\/\/christusnews.de\/site\/wp-json\/wp\/v2\/posts\/24554\/revisions\/24555"}],"wp:attachment":[{"href":"https:\/\/christusnews.de\/site\/wp-json\/wp\/v2\/media?parent=24554"}],"wp:term":[{"taxonomy":"category","embeddable":true,"href":"https:\/\/christusnews.de\/site\/wp-json\/wp\/v2\/categories?post=24554"},{"taxonomy":"post_tag","embeddable":true,"href":"https:\/\/christusnews.de\/site\/wp-json\/wp\/v2\/tags?post=24554"}],"curies":[{"name":"wp","href":"https:\/\/api.w.org\/{rel}","templated":true}]}}