{"id":24556,"date":"2023-07-01T16:34:00","date_gmt":"2023-07-01T14:34:00","guid":{"rendered":"https:\/\/christusnews.de\/site\/niedersachsen-verleiht-preis-fuer-kinderrechte-an-drei-projekte\/"},"modified":"2023-07-03T23:18:10","modified_gmt":"2023-07-03T21:18:10","slug":"niedersachsen-verleiht-preis-fuer-kinderrechte-an-drei-projekte","status":"publish","type":"post","link":"https:\/\/christusnews.de\/site\/niedersachsen-verleiht-preis-fuer-kinderrechte-an-drei-projekte\/","title":{"rendered":"Niedersachsen verleiht Preis f\u00fcr Kinderrechte an drei Projekte"},"content":{"rendered":"<p class=\"MsoPlainText\">Hannover\/Nordenham (epd). Das nieders\u00e4chsische Sozialministerium und der Kinderschutzbund haben am Sonnabend drei Projekte f\u00fcr Kinderrechte mit dem \u00abKinderHabenRechtPreis 2023\u00bb ausgezeichnet. Der mit insgesamt 9.000 Euro dotierte Preis w\u00fcrdigt j\u00e4hrlich p\u00e4dagogische Einrichtungen, Organisationen und Vereine sowie Kindertagesst\u00e4tten und Schulen in Niedersachsen, die sich besonders um Kinderrechte verdient machen, wie das Ministerium mitteilte. In diesem Jahr lautete das Motto \u00abIch kenne meine Rechte\u00bb.<\/p>\n<p class=\"MsoPlainText\">&nbsp;<\/p>\n<p class=\"MsoPlainText\">Zu den jeweils mit 3.000 Euro belohnten Preistr\u00e4gern z\u00e4hlten der \u00abRunde Tisch gegen Gewalt: Kinder sind unschlagbar\u00bb in Neustadt am R\u00fcbenberge bei Hannover, die Kita \u00abDeichbutjen\u00bb mit ihrem Projekt \u00abB\u00fchne frei! Auf der Suche nach den Kinderrechten\u00bb in Hagen im Bremischen bei Cuxhaven sowie der Kinderschutzbund Nordenham mit dem Projekt \u00abKinderrechte sehen\u00bb.<\/p>\n<p class=\"MsoPlainText\">&nbsp;<\/p>\n<p class=\"MsoPlainText\">Sozialminister Andreas Philippi (SPD) \u00fcberreichte als Schirmherr die Auszeichnungen. \u00abKinderrechte sind weit mehr als eine Formsache\u00bb, betonte er. Das h\u00e4tten die vergangenen Jahre gezeigt. \u00abGerade in schwierigen Zeiten m\u00fcssen wir uns f\u00fcr den Schutz, die bestm\u00f6gliche F\u00f6rderung und f\u00fcr die Beteiligung junger Menschen einsetzen. Es ist unsere Aufgabe, ihre Rechte zu sch\u00fctzen und zu achten.\u00bb<\/p>\n<p class=\"MsoPlainText\">&nbsp;<\/p>\n<p class=\"MsoPlainText\">Seit 2008 loben das Land Niedersachsen und der Kinderschutzbund den Preis aus. Damit sollen die Kinderrechte, die Niedersachsen 2009 in seine Landesverfassung aufgenommen hat, bekannter werden. Zudemm sollen Initiativen, die sich f\u00fcr die Rechte von Kindern einsetzen, als Best-Practice-Beispiele der \u00d6ffentlichkeit zug\u00e4nglich gemacht werden.<\/p>\n<p>Kirche-Oldenburg<br \/>\n<a href=\"https:\/\/www.kirche-oldenburg.de\/\/aktuell\/news-niedersachsen\/artikel\/niedersachsen-verleiht-preis-fuer-kinderrechte-an-drei-projekte\" target=\"_blank\" rel=\"noopener\">Niedersachsen verleiht Preis f\u00fcr Kinderrechte an drei Projekte<\/a><\/p>\n","protected":false},"excerpt":{"rendered":"<p>Hannover\/Nordenham (epd). Das nieders\u00e4chsische Sozialministerium und der Kinderschutzbund haben am Sonnabend drei Projekte f\u00fcr Kinderrechte mit dem \u00abKinderHabenRechtPreis 2023\u00bb ausgezeichnet. Der mit insgesamt 9.000 Euro dotierte Preis w\u00fcrdigt j\u00e4hrlich p\u00e4dagogische Einrichtungen, Organisationen und Vereine sowie Kindertagesst\u00e4tten und Schulen in Niedersachsen, die sich besonders um Kinderrechte verdient machen, wie das Ministerium mitteilte. In diesem Jahr lautete das Motto \u00abIch kenne meine Rechte\u00bb. &nbsp; Zu den jeweils mit 3.000 Euro belohnten Preistr\u00e4gern z\u00e4hlten der \u00abRunde Tisch gegen Gewalt: Kinder sind unschlagbar\u00bb in Neustadt am R\u00fcbenberge bei Hannover, die Kita \u00abDeichbutjen\u00bb mit ihrem Projekt \u00abB\u00fchne frei! Auf der Suche nach den Kinderrechten\u00bb in&#8230;<\/p>\n","protected":false},"author":7,"featured_media":0,"comment_status":"false","ping_status":"open","sticky":false,"template":"","format":"standard","meta":{"footnotes":""},"categories":[43],"tags":[44],"class_list":["post-24556","post","type-post","status-publish","format-standard","hentry","category-kirche-oldenburg","tag-kirche-oldenburg"],"_links":{"self":[{"href":"https:\/\/christusnews.de\/site\/wp-json\/wp\/v2\/posts\/24556","targetHints":{"allow":["GET"]}}],"collection":[{"href":"https:\/\/christusnews.de\/site\/wp-json\/wp\/v2\/posts"}],"about":[{"href":"https:\/\/christusnews.de\/site\/wp-json\/wp\/v2\/types\/post"}],"author":[{"embeddable":true,"href":"https:\/\/christusnews.de\/site\/wp-json\/wp\/v2\/users\/7"}],"replies":[{"embeddable":true,"href":"https:\/\/christusnews.de\/site\/wp-json\/wp\/v2\/comments?post=24556"}],"version-history":[{"count":1,"href":"https:\/\/christusnews.de\/site\/wp-json\/wp\/v2\/posts\/24556\/revisions"}],"predecessor-version":[{"id":24557,"href":"https:\/\/christusnews.de\/site\/wp-json\/wp\/v2\/posts\/24556\/revisions\/24557"}],"wp:attachment":[{"href":"https:\/\/christusnews.de\/site\/wp-json\/wp\/v2\/media?parent=24556"}],"wp:term":[{"taxonomy":"category","embeddable":true,"href":"https:\/\/christusnews.de\/site\/wp-json\/wp\/v2\/categories?post=24556"},{"taxonomy":"post_tag","embeddable":true,"href":"https:\/\/christusnews.de\/site\/wp-json\/wp\/v2\/tags?post=24556"}],"curies":[{"name":"wp","href":"https:\/\/api.w.org\/{rel}","templated":true}]}}