{"id":24558,"date":"2023-07-01T16:33:00","date_gmt":"2023-07-01T14:33:00","guid":{"rendered":"https:\/\/christusnews.de\/site\/bundesumweltministerin-fordert-mehr-wolfsabschuesse\/"},"modified":"2023-07-03T23:18:11","modified_gmt":"2023-07-03T21:18:11","slug":"bundesumweltministerin-fordert-mehr-wolfsabschuesse","status":"publish","type":"post","link":"https:\/\/christusnews.de\/site\/bundesumweltministerin-fordert-mehr-wolfsabschuesse\/","title":{"rendered":"Bundesumweltministerin fordert mehr Wolfsabsch\u00fcsse"},"content":{"rendered":"<p class=\"MsoPlainText\">Osnabr\u00fcck\/Hannover (epd). Bundesumweltministerin Steffi Lemke hat mehr Absch\u00fcsse von \u00abProblem-W\u00f6lfen\u00bb gefordert. Absch\u00fcsse von W\u00f6lfen, die das \u00dcberwinden von h\u00f6heren Z\u00e4unen gelernt h\u00e4tten oder sich Menschen gegen\u00fcber zu sehr n\u00e4herten, k\u00f6nnten rechtskonform von den L\u00e4ndern ausgef\u00fchrt werden, sagte die Gr\u00fcnen-Politikerin der \u00abNeuen Osnabr\u00fccker Zeitung\u00bb (Sonnabend). \u00abDiese M\u00f6glichkeit sollte in Zukunft verst\u00e4rkt genutzt werden\u00bb, empfahl sie: \u00abWir wollen daf\u00fcr sorgen, dass die Verfahren unb\u00fcrokratischer und praxisn\u00e4her funktionieren.\u00bb<\/p>\n<p class=\"MsoPlainText\">&nbsp;<\/p>\n<p class=\"MsoPlainText\">Solche Absch\u00fcsse seien notwendig, \u00abum die Akzeptanz zum Schutz des Wolfs aufrechtzuerhalten\u00bb, betonte die Ministerin. Alle Beteiligten m\u00fcssten daher Rechtssicherheit haben, wenn eine Abschussgenehmigung erteilt werde. Morddrohungen von Wolfssch\u00fctzern wie k\u00fcrzlich gegen den nieders\u00e4chsischen Umweltminister Christian Meyer (Gr\u00fcne) bezeichnete Lemke als \u00abv\u00f6llig inakzeptable Grenz\u00fcberschreitung\u00bb. Damit werde der Raum des demokratischen Diskurses definitiv verlassen.<\/p>\n<p class=\"MsoPlainText\">&nbsp;<\/p>\n<p class=\"MsoPlainText\">Um die \u00abhitzigen Diskussionen\u00bb \u00fcber den Umgang mit W\u00f6lfen zu beruhigen, setzt die Ministerin neben vermehrten Absch\u00fcsse aber auch auf mehr Hilfe bei Wolfsrissen: So gebe es in Sachsen-Anhalt Ausgleichszahlungen f\u00fcr Landwirte und Sch\u00e4fer und Unterst\u00fctzung f\u00fcr den Weideschutz. \u00abDas hat dazu gef\u00fchrt, dass die Diskussionen dort jetzt viel sachlicher und konstruktiver gef\u00fchrt werden. Ich hoffe, dass wir das \u00fcberall so gut hinbekommen.\u00bb Es gelte, die Balance zu halten zwischen Naturschutz und Weidetierschutz: \u00abWir m\u00fcssen wieder lernen, mit dem Wolf zu leben.\u00bb<\/p>\n<p class=\"MsoPlainText\">&nbsp;<\/p>\n<p>Kirche-Oldenburg<br \/>\n<a href=\"https:\/\/www.kirche-oldenburg.de\/\/aktuell\/news-niedersachsen\/artikel\/bundesumweltministerin-fordert-mehr-wolfsabschuesse\" target=\"_blank\" rel=\"noopener\">Bundesumweltministerin fordert mehr Wolfsabsch\u00fcsse<\/a><\/p>\n","protected":false},"excerpt":{"rendered":"<p>Osnabr\u00fcck\/Hannover (epd). Bundesumweltministerin Steffi Lemke hat mehr Absch\u00fcsse von \u00abProblem-W\u00f6lfen\u00bb gefordert. Absch\u00fcsse von W\u00f6lfen, die das \u00dcberwinden von h\u00f6heren Z\u00e4unen gelernt h\u00e4tten oder sich Menschen gegen\u00fcber zu sehr n\u00e4herten, k\u00f6nnten rechtskonform von den L\u00e4ndern ausgef\u00fchrt werden, sagte die Gr\u00fcnen-Politikerin der \u00abNeuen Osnabr\u00fccker Zeitung\u00bb (Sonnabend). \u00abDiese M\u00f6glichkeit sollte in Zukunft verst\u00e4rkt genutzt werden\u00bb, empfahl sie: \u00abWir wollen daf\u00fcr sorgen, dass die Verfahren unb\u00fcrokratischer und praxisn\u00e4her funktionieren.\u00bb &nbsp; Solche Absch\u00fcsse seien notwendig, \u00abum die Akzeptanz zum Schutz des Wolfs aufrechtzuerhalten\u00bb, betonte die Ministerin. Alle Beteiligten m\u00fcssten daher Rechtssicherheit haben, wenn eine Abschussgenehmigung erteilt werde. Morddrohungen von Wolfssch\u00fctzern wie k\u00fcrzlich gegen den nieders\u00e4chsischen&#8230;<\/p>\n","protected":false},"author":7,"featured_media":0,"comment_status":"false","ping_status":"open","sticky":false,"template":"","format":"standard","meta":{"footnotes":""},"categories":[43],"tags":[44],"class_list":["post-24558","post","type-post","status-publish","format-standard","hentry","category-kirche-oldenburg","tag-kirche-oldenburg"],"_links":{"self":[{"href":"https:\/\/christusnews.de\/site\/wp-json\/wp\/v2\/posts\/24558","targetHints":{"allow":["GET"]}}],"collection":[{"href":"https:\/\/christusnews.de\/site\/wp-json\/wp\/v2\/posts"}],"about":[{"href":"https:\/\/christusnews.de\/site\/wp-json\/wp\/v2\/types\/post"}],"author":[{"embeddable":true,"href":"https:\/\/christusnews.de\/site\/wp-json\/wp\/v2\/users\/7"}],"replies":[{"embeddable":true,"href":"https:\/\/christusnews.de\/site\/wp-json\/wp\/v2\/comments?post=24558"}],"version-history":[{"count":1,"href":"https:\/\/christusnews.de\/site\/wp-json\/wp\/v2\/posts\/24558\/revisions"}],"predecessor-version":[{"id":24559,"href":"https:\/\/christusnews.de\/site\/wp-json\/wp\/v2\/posts\/24558\/revisions\/24559"}],"wp:attachment":[{"href":"https:\/\/christusnews.de\/site\/wp-json\/wp\/v2\/media?parent=24558"}],"wp:term":[{"taxonomy":"category","embeddable":true,"href":"https:\/\/christusnews.de\/site\/wp-json\/wp\/v2\/categories?post=24558"},{"taxonomy":"post_tag","embeddable":true,"href":"https:\/\/christusnews.de\/site\/wp-json\/wp\/v2\/tags?post=24558"}],"curies":[{"name":"wp","href":"https:\/\/api.w.org\/{rel}","templated":true}]}}