{"id":24562,"date":"2023-06-30T16:30:00","date_gmt":"2023-06-30T14:30:00","guid":{"rendered":"https:\/\/christusnews.de\/site\/radlader-unglueck-kirche-will-angehoerige-der-opfer-weiter-begleiten-trauergottesdienst-soll-per-lautsprecher-ins-freie-uebertragen-werden\/"},"modified":"2023-07-03T23:18:12","modified_gmt":"2023-07-03T21:18:12","slug":"radlader-unglueck-kirche-will-angehoerige-der-opfer-weiter-begleiten-trauergottesdienst-soll-per-lautsprecher-ins-freie-uebertragen-werden","status":"publish","type":"post","link":"https:\/\/christusnews.de\/site\/radlader-unglueck-kirche-will-angehoerige-der-opfer-weiter-begleiten-trauergottesdienst-soll-per-lautsprecher-ins-freie-uebertragen-werden\/","title":{"rendered":"Radlader-Ungl\u00fcck: Kirche will Angeh\u00f6rige der Opfer weiter begleiten &#8211; Trauergottesdienst soll per Lautsprecher ins Freie \u00fcbertragen werden"},"content":{"rendered":"<p class=\"MsoPlainText\">Toppenstedt\/Kr. Harburg (epd). Nach dem t\u00f6dlichen Radlader-Ungl\u00fcck in einem Zeltlager f\u00fcr Kita-Kinder in Toppenstedt bei L\u00fcneburg will die evangelische Kirche die Angeh\u00f6rigen der Opfer weiter seelsorgerlich begleiten. Pastorinnen und Pastoren k\u00fcmmerten sich auch um die betroffene Kindertagesst\u00e4tte sowie um die Familie des Mannes, der den Unfall verursacht habe, sagte der Sprecher des Kirchenkreises Winsen, Malte Frackmann, am Freitag dem Evangelischen Pressedienst (epd). F\u00fcr diesen Sonnabend (1. Juli) ist ein Trauergottesdienst in der evangelischen St.-Johannis-Kirche in Salzhausen geplant.<\/p>\n<p class=\"MsoPlainText\">&nbsp;<\/p>\n<p class=\"MsoPlainText\">Bei dem Ungl\u00fcck am vergangenen Wochenende waren ein 39-j\u00e4hriger Mann und ein f\u00fcnfj\u00e4hriger Junge ums Leben gekommen, als ein 44-J\u00e4hriger die Teilnehmer des von V\u00e4tern organisierten Camps zu einer Spa\u00dffahrt mit dem Radlader eingeladen hatte. Ein Vater und elf Kinder stiegen dabei in eine Gitterbox und lie\u00dfen sich mit der Frontgabel des Radladers in die H\u00f6he heben. Auf einem Feldweg l\u00f6ste sich die Box jedoch und st\u00fcrzte drei Meter in die Tiefe. Die Staatsanwaltschaft L\u00fcneburg ermittelt gegen den Fahrer wegen des Verdachts der fahrl\u00e4ssigen T\u00f6tung und der fahrl\u00e4ssigen K\u00f6rperverletzung.<\/p>\n<p class=\"MsoPlainText\">&nbsp;<\/p>\n<p class=\"MsoPlainText\">Der \u00f6ffentliche Trauergottesdienst soll um elf Uhr beginnen. \u00abWir m\u00f6chten f\u00fcr die Einsatzkr\u00e4fte, die Betroffenen und alle, die um die Opfer trauern, einen Ort schaffen, an dem das Erlebte Raum finden kann\u00bb, sagt Pastorin Wiebke Alex aus Salzhausen. \u00abWir kommen zusammen mit den Gef\u00fchlen und Fragen, die das Ungl\u00fcck ausgel\u00f6st hat, sind damit nicht allein und bringen vor Gott, was uns bewegt.\u00bb Alex wird gemeinsam mit zwei Kolleginnen und Kollegen die Predigt halten. Auch der B\u00fcrgermeister von Salzhausen, Wolfgang Krause (parteilos), wird eine kurze Rede halten. Danach ist eine Schweigeminute geplant.<\/p>\n<p class=\"MsoPlainText\">&nbsp;<\/p>\n<p class=\"MsoPlainText\">Die Kirche fasst rund 400 Personen. Weil aber deutlich mehr Besucherinnen und Besucher erwartet werden, soll der Gottesdienst \u00fcber Lautsprecher nach drau\u00dfen \u00fcbertragen werden. Neben den Ansprachen sind musikalische Beitr\u00e4ge mit Orgel, Klavier, Querfl\u00f6te und Gesang geplant. Auch die Angeh\u00f6rigen der Opfer sind zu dem Gottesdienst eingeladen. Die Trauerfeiern f\u00fcr die beiden Verstorbenen sollen allerdings zu einem sp\u00e4teren Zeitpunkt stattfinden.<\/p>\n<p class=\"MsoPlainText\">&nbsp;<\/p>\n<p class=\"MsoPlainText\">Nach dem Ungl\u00fcck waren laut Frackmann rund rund 200 Rettungskr\u00e4fte unter anderem aus Polizei und Feuerwehr im Einsatz. Ihnen habe der Unfall zum Teil schwer zu schaffen gemacht. Auch zehn Notfall-Seelsorger waren vor Ort. Bei dem Unfall wurden einige Kinder schwer verletzt. Sie befinden sich aber nicht mehr in Lebensgefahr. Unter den Verletzten sollen auch Kinder des Fahrers sein.<\/p>\n<p class=\"MsoPlainText\">&nbsp;<\/p>\n<p>Kirche-Oldenburg<br \/>\n<a href=\"https:\/\/www.kirche-oldenburg.de\/\/aktuell\/news-niedersachsen\/artikel\/radlader-unglueck-kirche-will-angehoerige-der-opfer-weiter-begleiten-trauergottesdienst-soll-per-lautsprecher-ins-freie-uebertragen-werden\" target=\"_blank\" rel=\"noopener\">Radlader-Ungl\u00fcck: Kirche will Angeh\u00f6rige der Opfer weiter begleiten &#8211; Trauergottesdienst soll per Lautsprecher ins Freie \u00fcbertragen werden<\/a><\/p>\n","protected":false},"excerpt":{"rendered":"<p>Toppenstedt\/Kr. Harburg (epd). Nach dem t\u00f6dlichen Radlader-Ungl\u00fcck in einem Zeltlager f\u00fcr Kita-Kinder in Toppenstedt bei L\u00fcneburg will die evangelische Kirche die Angeh\u00f6rigen der Opfer weiter seelsorgerlich begleiten. Pastorinnen und Pastoren k\u00fcmmerten sich auch um die betroffene Kindertagesst\u00e4tte sowie um die Familie des Mannes, der den Unfall verursacht habe, sagte der Sprecher des Kirchenkreises Winsen, Malte Frackmann, am Freitag dem Evangelischen Pressedienst (epd). F\u00fcr diesen Sonnabend (1. Juli) ist ein Trauergottesdienst in der evangelischen St.-Johannis-Kirche in Salzhausen geplant. &nbsp; Bei dem Ungl\u00fcck am vergangenen Wochenende waren ein 39-j\u00e4hriger Mann und ein f\u00fcnfj\u00e4hriger Junge ums Leben gekommen, als ein 44-J\u00e4hriger die Teilnehmer&#8230;<\/p>\n","protected":false},"author":7,"featured_media":0,"comment_status":"false","ping_status":"open","sticky":false,"template":"","format":"standard","meta":{"footnotes":""},"categories":[43],"tags":[44],"class_list":["post-24562","post","type-post","status-publish","format-standard","hentry","category-kirche-oldenburg","tag-kirche-oldenburg"],"_links":{"self":[{"href":"https:\/\/christusnews.de\/site\/wp-json\/wp\/v2\/posts\/24562","targetHints":{"allow":["GET"]}}],"collection":[{"href":"https:\/\/christusnews.de\/site\/wp-json\/wp\/v2\/posts"}],"about":[{"href":"https:\/\/christusnews.de\/site\/wp-json\/wp\/v2\/types\/post"}],"author":[{"embeddable":true,"href":"https:\/\/christusnews.de\/site\/wp-json\/wp\/v2\/users\/7"}],"replies":[{"embeddable":true,"href":"https:\/\/christusnews.de\/site\/wp-json\/wp\/v2\/comments?post=24562"}],"version-history":[{"count":1,"href":"https:\/\/christusnews.de\/site\/wp-json\/wp\/v2\/posts\/24562\/revisions"}],"predecessor-version":[{"id":24563,"href":"https:\/\/christusnews.de\/site\/wp-json\/wp\/v2\/posts\/24562\/revisions\/24563"}],"wp:attachment":[{"href":"https:\/\/christusnews.de\/site\/wp-json\/wp\/v2\/media?parent=24562"}],"wp:term":[{"taxonomy":"category","embeddable":true,"href":"https:\/\/christusnews.de\/site\/wp-json\/wp\/v2\/categories?post=24562"},{"taxonomy":"post_tag","embeddable":true,"href":"https:\/\/christusnews.de\/site\/wp-json\/wp\/v2\/tags?post=24562"}],"curies":[{"name":"wp","href":"https:\/\/api.w.org\/{rel}","templated":true}]}}