{"id":24566,"date":"2023-07-03T09:11:00","date_gmt":"2023-07-03T07:11:00","guid":{"rendered":"https:\/\/christusnews.de\/site\/oldenburger-diakonie-erhaelt-neue-fuehrungsspitze\/"},"modified":"2023-07-04T11:17:24","modified_gmt":"2023-07-04T09:17:24","slug":"oldenburger-diakonie-erhaelt-neue-fuehrungsspitze","status":"publish","type":"post","link":"https:\/\/christusnews.de\/site\/oldenburger-diakonie-erhaelt-neue-fuehrungsspitze\/","title":{"rendered":"Oldenburger Diakonie erh\u00e4lt neue F\u00fchrungsspitze"},"content":{"rendered":"<p class=\"MsoPlainText\">Oldenburg (epd). Die Diakonie im Oldenburger Land erh\u00e4lt ein neues Spitzen-Duo. Ab dem kommenden Januar werden der Pfarrer Friedrich Ley (50) und der Wirtschaftsexperte Mario Behrends (48) die Gesch\u00e4fte ihrer bis dahin noch amtierenden Vorg\u00e4nger Uwe Kollmann und Pfarrer Thomas Feld \u00fcbernehmen, teilte die Diakonie am Montag mit. Die beiden heute 65-J\u00e4hrigen treten zum Jahreswechsel in den Ruhestand.<\/p>\n<p class=\"MsoPlainText\">&nbsp;<\/p>\n<p class=\"MsoPlainText\">Friedrich Ley ist derzeit als Oberkirchenrat in der Personalabteilung des Landeskirchenamtes der Landeskirche Hannovers t\u00e4tig. Zuvor war er den Angaben zufolge Theologischer Direktor der Diakovere-Krankenhaus gGmbH und Gesch\u00e4ftsf\u00fchrer des orthop\u00e4dischen Fachkrankenhauses Annastift in Hannover. Er geh\u00f6rt unter anderem der Ethikkommission bei der \u00c4rztekammer Niedersachsen an. Ley stammt aus dem bei Oldenburg gelegenen Elisabethfehn und absolvierte den ersten Teil seiner theologischen Ausbildung bei der Evangelisch-Lutherischen Kirche in Oldenburg.<\/p>\n<p class=\"MsoPlainText\">&nbsp;<\/p>\n<p class=\"MsoPlainText\">Mario Behrends ist zurzeit Vorstand des Evangelisch-lutherischen Wichernstifts in Ganderkesee bei Oldenburg und dort als Gesch\u00e4ftsf\u00fchrer f\u00fcr mehr als 400 Mitarbeitende in acht Tochtergesellschaften zust\u00e4ndig. Behrends ist geb\u00fcrtiger Auricher und studierte Betriebswirtschaftslehre an der Universit\u00e4t Osnabr\u00fcck.<\/p>\n<p class=\"MsoPlainText\">&nbsp;<\/p>\n<p class=\"MsoPlainText\">Das Diakonische Werk Oldenburg ist mit seinen gemeinn\u00fctzigen Gesellschaften in der Altenhilfe, der F\u00f6rderung und Therapie, der Jugendhilfe, der Suchtkranken- und Gef\u00e4hrdetenhilfe, der Kirchenkreissozialarbeit und der Wohnungslosenhilfe t\u00e4tig. Die Diakonie im Oldenburger Land besch\u00e4ftigt etwa 1.700 Mitarbeitende. Der Jahresumsatz liegt bei rund 100 Millionen Euro.<\/p>\n<p class=\"MsoPlainText\">&nbsp;<\/p>\n<p>Kirche-Oldenburg<br \/>\n<a href=\"https:\/\/www.kirche-oldenburg.de\/\/aktuell\/news-niedersachsen\/artikel\/oldenburger-diakonie-erhaelt-neue-fuehrungsspitze\" target=\"_blank\" rel=\"noopener\">Oldenburger Diakonie erh\u00e4lt neue F\u00fchrungsspitze<\/a><\/p>\n","protected":false},"excerpt":{"rendered":"<p>Oldenburg (epd). Die Diakonie im Oldenburger Land erh\u00e4lt ein neues Spitzen-Duo. Ab dem kommenden Januar werden der Pfarrer Friedrich Ley (50) und der Wirtschaftsexperte Mario Behrends (48) die Gesch\u00e4fte ihrer bis dahin noch amtierenden Vorg\u00e4nger Uwe Kollmann und Pfarrer Thomas Feld \u00fcbernehmen, teilte die Diakonie am Montag mit. Die beiden heute 65-J\u00e4hrigen treten zum Jahreswechsel in den Ruhestand. &nbsp; Friedrich Ley ist derzeit als Oberkirchenrat in der Personalabteilung des Landeskirchenamtes der Landeskirche Hannovers t\u00e4tig. Zuvor war er den Angaben zufolge Theologischer Direktor der Diakovere-Krankenhaus gGmbH und Gesch\u00e4ftsf\u00fchrer des orthop\u00e4dischen Fachkrankenhauses Annastift in Hannover. Er geh\u00f6rt unter anderem der Ethikkommission bei&#8230;<\/p>\n","protected":false},"author":7,"featured_media":0,"comment_status":"false","ping_status":"open","sticky":false,"template":"","format":"standard","meta":{"footnotes":""},"categories":[43],"tags":[44],"class_list":["post-24566","post","type-post","status-publish","format-standard","hentry","category-kirche-oldenburg","tag-kirche-oldenburg"],"_links":{"self":[{"href":"https:\/\/christusnews.de\/site\/wp-json\/wp\/v2\/posts\/24566","targetHints":{"allow":["GET"]}}],"collection":[{"href":"https:\/\/christusnews.de\/site\/wp-json\/wp\/v2\/posts"}],"about":[{"href":"https:\/\/christusnews.de\/site\/wp-json\/wp\/v2\/types\/post"}],"author":[{"embeddable":true,"href":"https:\/\/christusnews.de\/site\/wp-json\/wp\/v2\/users\/7"}],"replies":[{"embeddable":true,"href":"https:\/\/christusnews.de\/site\/wp-json\/wp\/v2\/comments?post=24566"}],"version-history":[{"count":1,"href":"https:\/\/christusnews.de\/site\/wp-json\/wp\/v2\/posts\/24566\/revisions"}],"predecessor-version":[{"id":24567,"href":"https:\/\/christusnews.de\/site\/wp-json\/wp\/v2\/posts\/24566\/revisions\/24567"}],"wp:attachment":[{"href":"https:\/\/christusnews.de\/site\/wp-json\/wp\/v2\/media?parent=24566"}],"wp:term":[{"taxonomy":"category","embeddable":true,"href":"https:\/\/christusnews.de\/site\/wp-json\/wp\/v2\/categories?post=24566"},{"taxonomy":"post_tag","embeddable":true,"href":"https:\/\/christusnews.de\/site\/wp-json\/wp\/v2\/tags?post=24566"}],"curies":[{"name":"wp","href":"https:\/\/api.w.org\/{rel}","templated":true}]}}