{"id":24568,"date":"2023-07-04T18:24:48","date_gmt":"2023-07-04T16:24:48","guid":{"rendered":"https:\/\/christusnews.de\/site\/neue-vorstaende-fuer-diakonie-im-oldenburger-land\/"},"modified":"2023-07-04T23:21:42","modified_gmt":"2023-07-04T21:21:42","slug":"neue-vorstaende-fuer-diakonie-im-oldenburger-land","status":"publish","type":"post","link":"https:\/\/christusnews.de\/site\/neue-vorstaende-fuer-diakonie-im-oldenburger-land\/","title":{"rendered":"Neue Vorst\u00e4nde f\u00fcr Diakonie im Oldenburger Land"},"content":{"rendered":"<p>Die Diakonie im Oldenburger Land bekommt zum Jahreswechsel ein neues F\u00fchrungsduo. Die Nachfolger f\u00fcr die Positionen des theologischen und des kaufm\u00e4nnischen Vorstands stehen fest. Zum ersten Januar 2024 \u00fcbernehmen Pfarrer Dr. Friedrich Ley und Mario Behrends die Nachfolge von Pfarrer Thomas Feld (65 Jahre) und Uwe K. Kollmann (65 Jahre), die in den Ruhestand wechseln.<\/p>\n<p>Der Aufsichtsrat der Diakonie im Oldenburger Land und die Vorst\u00e4nde Pfarrer Thomas Feld und Uwe K. Kollmann freuen sich sehr, dass mit Friedrich Ley und Mario Behrends erfahrene und in Diakonie und Kirche gut vernetzte F\u00fchrungskr\u00e4fte f\u00fcr die Positionen gewonnen wurden.<\/p>\n<p>Friedrich Ley (50 Jahre) tritt zum Jahreswechsel die Nachfolge von Thomas Feld an. Derzeit ist Ley Oberkirchenrat in der Personalabteilung des Landeskirchenamtes der Ev.-luth. Landeskirche Hannovers. Vor seiner T\u00e4tigkeit im Landeskirchenamt war Ley Theologischer Direktor der Diakovere gGmbH.<\/p>\n<p>\u201eNach knapp acht Jahren Erfahrung in der Leitung einer gro\u00dfen diakonischen Komplexeinrichtung und knapp f\u00fcnf Jahren T\u00e4tigkeit im Kontext der Kirchenleitung suche ich eine neue Herausforderung in der Unternehmensdiakonie\u201c, erl\u00e4utert Ley seinen Wechsel nach Oldenburg. F\u00fcr ihn ist die \u00dcbernahme der Aufgaben bei der Diakonie im Oldenburger Land auch eine R\u00fcckkehr zu den Wurzeln. In Elisabethfehn aufgewachsen, absolvierte er den ersten Teil seiner theologischen Ausbildung bei der Ev.-Luth. Kirche in Oldenburg. \u201eIch kenne die Diakonie im Oldenburger Land und sch\u00e4tze die starke Verbindung, die die Diakonie in die Region hat\u201c, betont Ley. \u201eIch freue mich darauf, mich mit aller Kraft in diese Aufgabe zu werfen, damit die Mitarbeitenden weiterhin gerne in der Diakonie im Oldenburger Land t\u00e4tig sind und alle Hilfesuchenden am richtigen Ort sind.\u201c<\/p>\n<p>Neben seinen Erfahrungen aus dem Landeskirchenamt und als Gesch\u00e4ftsf\u00fchrer des orthop\u00e4dischen Fachkrankenhauses Annastift und Theologischer Direktor der Diakovere-Krankenhaus gGmbH sowie Gesch\u00e4ftsf\u00fchrer der Annastift Leben und Lernen gGmbH mit dem Schwerpunkt Hilfen f\u00fcr Kinder, Jugendliche und Menschen mit Behinderung wird Friedrich Ley seine Kompetenzen in den Bereichen Personal- und Organisationsentwicklung, Unternehmenskommunikation und Ethik einbringen. Insbesondere zu Fragen der Gesundheitsethik und zu diakonischen Positionen hat Ley zahlreiche Artikel und Aufs\u00e4tze ver\u00f6ffentlicht, Vortr\u00e4ge gehalten und Fortbildungen geleitet. Er ist u.a. Mitglied in der Ethikkommission bei der \u00c4rztekammer Niedersachsen.<\/p>\n<p>Mario Behrends (48 Jahre) wird als kaufm\u00e4nnischer Vorstand Nachfolger von Uwe K. Kollmann. Derzeit ist Behrends Vorstand des Ev. luth. Wichernstift e. V. Mit Mario Behrends kommt ein erfahrener Fachmann zur Diakonie im Oldenburger Land. Seit 2013 leitet er den Verein Ev. luth. Wichernstift e.V., eine Mitgliedseinrichtung des Diakonischen Werks der Ev.-Luth. Kirche in Oldenburg. Dort war er als Gesch\u00e4ftsf\u00fchrer f\u00fcr \u00fcber 400 Mitarbeitende in acht Tochtergesellschaften zust\u00e4ndig. \u201eEs ist eine sehr reizvolle Aufgabe, meine Erfahrungen aus diesem Bereich nun im deutlich gr\u00f6\u00dferen Rahmen des Diakonischen Werks im Oldenburger Land einzubringen\u201c, sagt Behrends. Der Oldenburger freut sich sehr auf die neue Herausforderung. Durch seine Mitwirkung in Diakonischen Gremien, wie dem Pr\u00e4sidium der Diakonischen Konferenz und dem Wirtschaftsausschuss und auch in der synodalen Arbeitsgruppe zur zuk\u00fcnftigen Ausgestaltung des Diakonischen Werkes der Ev.-Luth. Kirche in Oldenburg ist er in die aktuellen Aufgaben und Herausforderungen der diakonischen Arbeit im Oldenburger Land bereits gut eingebunden.<\/p>\n<p>Behrends, der seit zehn Jahren in Oldenburg wohnt, ist geb\u00fcrtiger Auricher. Nach dem Studium der Betriebswirtschaftslehre an der Universit\u00e4t Osnabr\u00fcck arbeitete er zun\u00e4chst in der Wirtschaftspr\u00fcfung und war anschlie\u00dfend Gesch\u00e4ftsf\u00fchrer in einer Treuhandgesellschaft. Von dort wechselte er bewusst zum Wichernstift, da ihn die Arbeit in einem diakonischen Unternehmen reizte.<\/p>\n<p>Das Diakonische Werk Oldenburg e.V. ist mit seinen gemeinn\u00fctzigen Gesellschaften in den Gesch\u00e4ftsbereichen Altenhilfe, F\u00f6rderung und Therapie, Jugendhilfe Suchtkranken- und Gef\u00e4hrdetenhilfe, der Kirchenkreissozialarbeit und der Wohnungslosenhilfe t\u00e4tig. Bei der Diakonie im Oldenburger Land sind etwa 1.700 Mitarbeitende besch\u00e4ftigt.<\/p>\n<p>Kirche-Oldenburg<br \/>\n<a href=\"https:\/\/www.kirche-oldenburg.de\/\/aktuell\/pressemitteilungen\/artikel\/neue-vorstaende-fuer-diakonie-im-oldenburger-land\" target=\"_blank\" rel=\"noopener\">Neue Vorst\u00e4nde f\u00fcr Diakonie im Oldenburger Land<\/a><\/p>\n","protected":false},"excerpt":{"rendered":"<p>Die Diakonie im Oldenburger Land bekommt zum Jahreswechsel ein neues F\u00fchrungsduo. Die Nachfolger f\u00fcr die Positionen des theologischen und des kaufm\u00e4nnischen Vorstands stehen fest. Zum ersten Januar 2024 \u00fcbernehmen Pfarrer Dr. Friedrich Ley und Mario Behrends die Nachfolge von Pfarrer Thomas Feld (65 Jahre) und Uwe K. Kollmann (65 Jahre), die in den Ruhestand wechseln. Der Aufsichtsrat der Diakonie im Oldenburger Land und die Vorst\u00e4nde Pfarrer Thomas Feld und Uwe K. Kollmann freuen sich sehr, dass mit Friedrich Ley und Mario Behrends erfahrene und in Diakonie und Kirche gut vernetzte F\u00fchrungskr\u00e4fte f\u00fcr die Positionen gewonnen wurden. Friedrich Ley (50 Jahre)&#8230;<\/p>\n","protected":false},"author":7,"featured_media":0,"comment_status":"false","ping_status":"open","sticky":false,"template":"","format":"standard","meta":{"footnotes":""},"categories":[43],"tags":[44],"class_list":["post-24568","post","type-post","status-publish","format-standard","hentry","category-kirche-oldenburg","tag-kirche-oldenburg"],"_links":{"self":[{"href":"https:\/\/christusnews.de\/site\/wp-json\/wp\/v2\/posts\/24568","targetHints":{"allow":["GET"]}}],"collection":[{"href":"https:\/\/christusnews.de\/site\/wp-json\/wp\/v2\/posts"}],"about":[{"href":"https:\/\/christusnews.de\/site\/wp-json\/wp\/v2\/types\/post"}],"author":[{"embeddable":true,"href":"https:\/\/christusnews.de\/site\/wp-json\/wp\/v2\/users\/7"}],"replies":[{"embeddable":true,"href":"https:\/\/christusnews.de\/site\/wp-json\/wp\/v2\/comments?post=24568"}],"version-history":[{"count":1,"href":"https:\/\/christusnews.de\/site\/wp-json\/wp\/v2\/posts\/24568\/revisions"}],"predecessor-version":[{"id":24569,"href":"https:\/\/christusnews.de\/site\/wp-json\/wp\/v2\/posts\/24568\/revisions\/24569"}],"wp:attachment":[{"href":"https:\/\/christusnews.de\/site\/wp-json\/wp\/v2\/media?parent=24568"}],"wp:term":[{"taxonomy":"category","embeddable":true,"href":"https:\/\/christusnews.de\/site\/wp-json\/wp\/v2\/categories?post=24568"},{"taxonomy":"post_tag","embeddable":true,"href":"https:\/\/christusnews.de\/site\/wp-json\/wp\/v2\/tags?post=24568"}],"curies":[{"name":"wp","href":"https:\/\/api.w.org\/{rel}","templated":true}]}}