{"id":24576,"date":"2023-07-04T09:10:00","date_gmt":"2023-07-04T07:10:00","guid":{"rendered":"https:\/\/christusnews.de\/site\/wilhelmshavener-kunsthalle-stellt-voegel-in-den-mittelpunkt\/"},"modified":"2023-07-05T11:22:52","modified_gmt":"2023-07-05T09:22:52","slug":"wilhelmshavener-kunsthalle-stellt-voegel-in-den-mittelpunkt","status":"publish","type":"post","link":"https:\/\/christusnews.de\/site\/wilhelmshavener-kunsthalle-stellt-voegel-in-den-mittelpunkt\/","title":{"rendered":"Wilhelmshavener Kunsthalle stellt V\u00f6gel in den Mittelpunkt"},"content":{"rendered":"<p class=\"MsoPlainText\">Wilhelmshaven (epd). Die Begegnung von Vogel und Mensch steht ab Sonnabend im Zentrum der Ausstellung \u00abGezwitscher &#8211; Kunst aus der Vogelperspektive\u00bb in der Wilhelmshavener Kunsthalle. Ob in Film, Musik, Literatur, Malerei, Grafik oder Fotografie &#8211; V\u00f6gel spielten in den K\u00fcnsten eine gr\u00f6\u00dfere Rolle als alle anderen Tiere, teilte die Kunsthalle am Dienstag mit. Die Schau zeigt vom 8. Juli bis zum 10. September Fotografien, Malereien, Grafiken, Skulpturen sowie Audio- und Videoinstallationen von 23 K\u00fcnstlerinnen und K\u00fcnstlern aus acht Nationen zu sehen.<\/p>\n<p class=\"MsoPlainText\">&nbsp;<\/p>\n<p class=\"MsoPlainText\">Von den gefiederten Tieren gehe eine ambivalente Faszination aus, die Bewunderung und Sehnsucht hervorrufe, hie\u00df es. Indem sie spielend lange Strecken \u00fcberwinden, entz\u00f6gen sie sich der menschlichen Beobachtung und f\u00fchrten ein geheimnisvolles Doppelleben auf verschiedenen Kontinenten. Auch ihr akustisches Potenzial &#8211; vom Gesang bis zur Sprachimitation &#8211; sei beeindruckend.<\/p>\n<p class=\"MsoPlainText\">&nbsp;<\/p>\n<p class=\"MsoPlainText\">Die Ausstellung geht laut Ank\u00fcndigung \u00fcber eine naturalistische Darstellung der Tiere weit hinaus: \u00abEs geht um den menschlichen Traum vom Fliegen, die Kommunikation zwischen Mensch und Tier, die Bedrohung von V\u00f6geln durch den Menschen, um Vogelgesang, hybride Wesen und ausgestorbene Arten.\u00bb<\/p>\n<p class=\"MsoPlainText\">&nbsp;<\/p>\n<p class=\"MsoPlainText\">Geboten wird ferner ein Begleitprogramm mit Vortr\u00e4gen, Exkursionen, F\u00fchrungen und Workshops. Kooperationspartner ist das Institut f\u00fcr Vogelforschung \u00abVogelwarte Helgoland\u00bb.<\/p>\n<p class=\"MsoPlainText\">&nbsp;<\/p>\n<p>Kirche-Oldenburg<br \/>\n<a href=\"https:\/\/www.kirche-oldenburg.de\/\/aktuell\/news-niedersachsen\/artikel\/wilhelmshavener-kunsthalle-stellt-voegel-in-den-mittelpunkt\" target=\"_blank\" rel=\"noopener\">Wilhelmshavener Kunsthalle stellt V\u00f6gel in den Mittelpunkt<\/a><\/p>\n","protected":false},"excerpt":{"rendered":"<p>Wilhelmshaven (epd). Die Begegnung von Vogel und Mensch steht ab Sonnabend im Zentrum der Ausstellung \u00abGezwitscher &#8211; Kunst aus der Vogelperspektive\u00bb in der Wilhelmshavener Kunsthalle. Ob in Film, Musik, Literatur, Malerei, Grafik oder Fotografie &#8211; V\u00f6gel spielten in den K\u00fcnsten eine gr\u00f6\u00dfere Rolle als alle anderen Tiere, teilte die Kunsthalle am Dienstag mit. Die Schau zeigt vom 8. Juli bis zum 10. September Fotografien, Malereien, Grafiken, Skulpturen sowie Audio- und Videoinstallationen von 23 K\u00fcnstlerinnen und K\u00fcnstlern aus acht Nationen zu sehen. &nbsp; Von den gefiederten Tieren gehe eine ambivalente Faszination aus, die Bewunderung und Sehnsucht hervorrufe, hie\u00df es. Indem sie&#8230;<\/p>\n","protected":false},"author":7,"featured_media":0,"comment_status":"false","ping_status":"open","sticky":false,"template":"","format":"standard","meta":{"footnotes":""},"categories":[43],"tags":[44],"class_list":["post-24576","post","type-post","status-publish","format-standard","hentry","category-kirche-oldenburg","tag-kirche-oldenburg"],"_links":{"self":[{"href":"https:\/\/christusnews.de\/site\/wp-json\/wp\/v2\/posts\/24576","targetHints":{"allow":["GET"]}}],"collection":[{"href":"https:\/\/christusnews.de\/site\/wp-json\/wp\/v2\/posts"}],"about":[{"href":"https:\/\/christusnews.de\/site\/wp-json\/wp\/v2\/types\/post"}],"author":[{"embeddable":true,"href":"https:\/\/christusnews.de\/site\/wp-json\/wp\/v2\/users\/7"}],"replies":[{"embeddable":true,"href":"https:\/\/christusnews.de\/site\/wp-json\/wp\/v2\/comments?post=24576"}],"version-history":[{"count":1,"href":"https:\/\/christusnews.de\/site\/wp-json\/wp\/v2\/posts\/24576\/revisions"}],"predecessor-version":[{"id":24577,"href":"https:\/\/christusnews.de\/site\/wp-json\/wp\/v2\/posts\/24576\/revisions\/24577"}],"wp:attachment":[{"href":"https:\/\/christusnews.de\/site\/wp-json\/wp\/v2\/media?parent=24576"}],"wp:term":[{"taxonomy":"category","embeddable":true,"href":"https:\/\/christusnews.de\/site\/wp-json\/wp\/v2\/categories?post=24576"},{"taxonomy":"post_tag","embeddable":true,"href":"https:\/\/christusnews.de\/site\/wp-json\/wp\/v2\/tags?post=24576"}],"curies":[{"name":"wp","href":"https:\/\/api.w.org\/{rel}","templated":true}]}}