{"id":24590,"date":"2023-07-07T19:16:49","date_gmt":"2023-07-07T17:16:49","guid":{"rendered":"https:\/\/christusnews.de\/site\/flashmob-fuer-die-pflege\/"},"modified":"2023-07-07T23:17:22","modified_gmt":"2023-07-07T21:17:22","slug":"flashmob-fuer-die-pflege","status":"publish","type":"post","link":"https:\/\/christusnews.de\/site\/flashmob-fuer-die-pflege\/","title":{"rendered":"Flashmob f\u00fcr die Pflege"},"content":{"rendered":"<p>Ihren letzten Schultag vor den Ferien nutzen die Auszubildenden der Berufsfachschule Pflege Stephanusstift in Delmenhorst um auf die Situation in der Pflege aufmerksam zu machen: Die Pflege scheint am Boden. Denn nach der Corona-Pandemie ist wieder Alltag eingekehrt. Die \u00f6ffentliche Aufmerksamkeit wendet sich anderen Themen zu.&nbsp;<\/p>\n<p>Die Anerkennung f\u00fcr die Pflegearbeit bleibt aus. Eine Folge: Immer weniger Auszubildende gehen in die Pflege. Dabei ist die Ausbildung gerade erst neu geregelt worden: umfassender, vielseitiger und interessanter, erl\u00e4utert Schulleiter Frerk Hinrichs. Die Berufsfachschule hat \u00fcber 40 Jahre Erfahrung in der Ausbildung. So attraktiv wie heute war die Ausbildung zur Pflegefachfrau oder zum Pflegefachmann noch nie! Wenn die Berufsfachschule Mitte August die ersten Fachkr\u00e4fte nach der neuen Ausbildung in die Praxis entl\u00e4sst, k\u00f6nnen sich alle einen Arbeitsplatz aussuchen.&nbsp;<\/p>\n<p>Gleichzeitig beginnt der n\u00e4chste Jahrgang seine dreij\u00e4hrige Ausbildung. Die angehenden Pflegefachkr\u00e4fte brennen f\u00fcr Ihren Beruf und haben sich mit Begeisterung und vielen Ideen auf die Aktion auf dem Marktplatz vorbereitet. Sie hoffen, dass sich andere anstecken lassen und f\u00fcr die Ausbildung begeistern. Damit die Pflege wieder aufsteht vom Boden. Die Pflegebed\u00fcrftigen in Altenheimen, Krankenh\u00e4usern, Pflege- und Betreuungsdiensten danken es jeden Tag. Aber jetzt gehen wir in die Ferien. Ab dem 7. August 2023 ist die Berufsfachschule Pflege wieder erreichbar.<\/p>\n<p>Kirche-Oldenburg<br \/>\n<a href=\"https:\/\/www.kirche-oldenburg.de\/\/aktuell\/pressemitteilungen\/artikel\/flashmob-fuer-die-pflege\" target=\"_blank\" rel=\"noopener\">Flashmob f\u00fcr die Pflege<\/a><\/p>\n","protected":false},"excerpt":{"rendered":"<p>Ihren letzten Schultag vor den Ferien nutzen die Auszubildenden der Berufsfachschule Pflege Stephanusstift in Delmenhorst um auf die Situation in der Pflege aufmerksam zu machen: Die Pflege scheint am Boden. Denn nach der Corona-Pandemie ist wieder Alltag eingekehrt. Die \u00f6ffentliche Aufmerksamkeit wendet sich anderen Themen zu.&nbsp; Die Anerkennung f\u00fcr die Pflegearbeit bleibt aus. Eine Folge: Immer weniger Auszubildende gehen in die Pflege. Dabei ist die Ausbildung gerade erst neu geregelt worden: umfassender, vielseitiger und interessanter, erl\u00e4utert Schulleiter Frerk Hinrichs. Die Berufsfachschule hat \u00fcber 40 Jahre Erfahrung in der Ausbildung. So attraktiv wie heute war die Ausbildung zur Pflegefachfrau oder zum&#8230;<\/p>\n","protected":false},"author":7,"featured_media":0,"comment_status":"false","ping_status":"open","sticky":false,"template":"","format":"standard","meta":{"footnotes":""},"categories":[43],"tags":[44],"class_list":["post-24590","post","type-post","status-publish","format-standard","hentry","category-kirche-oldenburg","tag-kirche-oldenburg"],"_links":{"self":[{"href":"https:\/\/christusnews.de\/site\/wp-json\/wp\/v2\/posts\/24590","targetHints":{"allow":["GET"]}}],"collection":[{"href":"https:\/\/christusnews.de\/site\/wp-json\/wp\/v2\/posts"}],"about":[{"href":"https:\/\/christusnews.de\/site\/wp-json\/wp\/v2\/types\/post"}],"author":[{"embeddable":true,"href":"https:\/\/christusnews.de\/site\/wp-json\/wp\/v2\/users\/7"}],"replies":[{"embeddable":true,"href":"https:\/\/christusnews.de\/site\/wp-json\/wp\/v2\/comments?post=24590"}],"version-history":[{"count":1,"href":"https:\/\/christusnews.de\/site\/wp-json\/wp\/v2\/posts\/24590\/revisions"}],"predecessor-version":[{"id":24591,"href":"https:\/\/christusnews.de\/site\/wp-json\/wp\/v2\/posts\/24590\/revisions\/24591"}],"wp:attachment":[{"href":"https:\/\/christusnews.de\/site\/wp-json\/wp\/v2\/media?parent=24590"}],"wp:term":[{"taxonomy":"category","embeddable":true,"href":"https:\/\/christusnews.de\/site\/wp-json\/wp\/v2\/categories?post=24590"},{"taxonomy":"post_tag","embeddable":true,"href":"https:\/\/christusnews.de\/site\/wp-json\/wp\/v2\/tags?post=24590"}],"curies":[{"name":"wp","href":"https:\/\/api.w.org\/{rel}","templated":true}]}}