{"id":24594,"date":"2023-07-06T12:23:00","date_gmt":"2023-07-06T10:23:00","guid":{"rendered":"https:\/\/christusnews.de\/site\/bischof-meister-enttaeuscht-ueber-abstimmung-zu-assistiertem-suizid-kirchenpraesidentin-bei-der-wieden-lobt-vorstoss-zur-suizidpraevention\/"},"modified":"2023-07-07T23:17:23","modified_gmt":"2023-07-07T21:17:23","slug":"bischof-meister-enttaeuscht-ueber-abstimmung-zu-assistiertem-suizid-kirchenpraesidentin-bei-der-wieden-lobt-vorstoss-zur-suizidpraevention","status":"publish","type":"post","link":"https:\/\/christusnews.de\/site\/bischof-meister-enttaeuscht-ueber-abstimmung-zu-assistiertem-suizid-kirchenpraesidentin-bei-der-wieden-lobt-vorstoss-zur-suizidpraevention\/","title":{"rendered":"Bischof Meister entt\u00e4uscht \u00fcber Abstimmung zu assistiertem Suizid &#8211; Kirchenpr\u00e4sidentin Bei der Wieden lobt Vorsto\u00df zur Suizidpr\u00e4vention &#8211;"},"content":{"rendered":"<p class=\"MsoPlainText\">Hannover (epd). Nach dem Scheitern zweier Gesetzesentw\u00fcrfe zum assistierten Suizid im Bundestag hat sich der hannoversche Landesbischof Ralf Meister entt\u00e4uscht gezeigt. Es sei leider nicht zu einem Abschluss der Debatte gekommen, \u00abdie sich der zentralen Frage widmet, wie F\u00fcrsorge und Lebensschutz mit der Selbstbestimmung des Menschen verbunden werden k\u00f6nnen\u00bb, sagte Meister am Donnerstag in Hannover.<\/p>\n<p class=\"MsoPlainText\">&nbsp;<\/p>\n<p class=\"MsoPlainText\">Die evangelisch-reformierte Kirchenpr\u00e4sidentin Susanne Bei der Wieden \u00e4u\u00dferte hingegen, sie sei \u00absehr dankbar, dass es im Bundestag keine Beschlussfassung gegeben hat\u00bb. Es sei sinnvoll, dass der Bundestag ein Suizidpr\u00e4ventionsgesetz auf den Weg bringen wolle.<\/p>\n<p class=\"MsoPlainText\">&nbsp;<\/p>\n<p class=\"MsoPlainText\">Meister betonte, dass weder der eine noch der andere Antrag \u00fcberzeugen konnte, sei wom\u00f6glich \u00abauch ein Spiegelbild der gro\u00dfen Verunsicherung und der \u00c4ngste unserer Gesellschaft im Umgang mit dem Tod\u00bb. Der Bundestag hatte am Donnerstag mehrheitlich gegen zwei aus den Reihen des Parlaments vorgelegte Entw\u00fcrfe gestimmt, die Hilfe bei der Selbstt\u00f6tung rechtssicher erm\u00f6glichen sollten.<\/p>\n<p class=\"MsoPlainText\">&nbsp;<\/p>\n<p class=\"MsoPlainText\">Zugleich lobte Meister die Ernsthaftigkeit und Offenheit, mit der die allermeisten Mitglieder des Bundestages den Gesetzesvorlagen begegnet seien. Dies zeige, \u00abwie diese Entscheidungen unsere Kultur der Barmherzigkeit und des Lebensschutzes ber\u00fchren und auch ver\u00e4ndern werden &#8211; auch wenn uns das Ergebnis nun vor gro\u00dfe Herausforderungen stellt\u00bb. Auch Bei der Wieden hob die \u00abkonstruktive und engagierte\u00bb Debatte hervor.<\/p>\n<p class=\"MsoPlainText\">&nbsp;<\/p>\n<p class=\"MsoPlainText\">Wie die Kirchenpr\u00e4sidentin begr\u00fc\u00dfte auch Meister, dass der Bundestag die Bundesregierung beauftragt habe, zum Sommer 2024 einen Gesetzentwurf und eine Strategie zur Suizidpr\u00e4vention vorzulegen. \u00abEin bundesweiter Pr\u00e4ventionsdienst, der rund um die Uhr f\u00fcr Menschen mit Suizidgedanken oder deren Angeh\u00f6rige online und telefonisch erreichbar ist, w\u00e4re ein zentraler Fortschritt zum Lebensschutz, zu dem auch die Kirchen ihren Beitrag leisten k\u00f6nnen\u00bb, unterstrich Meister.<\/p>\n<p>Kirche-Oldenburg<br \/>\n<a href=\"https:\/\/www.kirche-oldenburg.de\/\/aktuell\/news-niedersachsen\/artikel\/bischof-meister-enttaeuscht-ueber-abstimmung-zu-assistiertem-suizid-kirchenpraesidentin-bei-der-wieden-lobt-vorstoss-zur-suizidpraevention\" target=\"_blank\" rel=\"noopener\">Bischof Meister entt\u00e4uscht \u00fcber Abstimmung zu assistiertem Suizid &#8211; Kirchenpr\u00e4sidentin Bei der Wieden lobt Vorsto\u00df zur Suizidpr\u00e4vention &#8211;<\/a><\/p>\n","protected":false},"excerpt":{"rendered":"<p>Hannover (epd). Nach dem Scheitern zweier Gesetzesentw\u00fcrfe zum assistierten Suizid im Bundestag hat sich der hannoversche Landesbischof Ralf Meister entt\u00e4uscht gezeigt. Es sei leider nicht zu einem Abschluss der Debatte gekommen, \u00abdie sich der zentralen Frage widmet, wie F\u00fcrsorge und Lebensschutz mit der Selbstbestimmung des Menschen verbunden werden k\u00f6nnen\u00bb, sagte Meister am Donnerstag in Hannover. &nbsp; Die evangelisch-reformierte Kirchenpr\u00e4sidentin Susanne Bei der Wieden \u00e4u\u00dferte hingegen, sie sei \u00absehr dankbar, dass es im Bundestag keine Beschlussfassung gegeben hat\u00bb. Es sei sinnvoll, dass der Bundestag ein Suizidpr\u00e4ventionsgesetz auf den Weg bringen wolle. &nbsp; Meister betonte, dass weder der eine noch der andere&#8230;<\/p>\n","protected":false},"author":7,"featured_media":0,"comment_status":"false","ping_status":"open","sticky":false,"template":"","format":"standard","meta":{"footnotes":""},"categories":[43],"tags":[44],"class_list":["post-24594","post","type-post","status-publish","format-standard","hentry","category-kirche-oldenburg","tag-kirche-oldenburg"],"_links":{"self":[{"href":"https:\/\/christusnews.de\/site\/wp-json\/wp\/v2\/posts\/24594","targetHints":{"allow":["GET"]}}],"collection":[{"href":"https:\/\/christusnews.de\/site\/wp-json\/wp\/v2\/posts"}],"about":[{"href":"https:\/\/christusnews.de\/site\/wp-json\/wp\/v2\/types\/post"}],"author":[{"embeddable":true,"href":"https:\/\/christusnews.de\/site\/wp-json\/wp\/v2\/users\/7"}],"replies":[{"embeddable":true,"href":"https:\/\/christusnews.de\/site\/wp-json\/wp\/v2\/comments?post=24594"}],"version-history":[{"count":1,"href":"https:\/\/christusnews.de\/site\/wp-json\/wp\/v2\/posts\/24594\/revisions"}],"predecessor-version":[{"id":24595,"href":"https:\/\/christusnews.de\/site\/wp-json\/wp\/v2\/posts\/24594\/revisions\/24595"}],"wp:attachment":[{"href":"https:\/\/christusnews.de\/site\/wp-json\/wp\/v2\/media?parent=24594"}],"wp:term":[{"taxonomy":"category","embeddable":true,"href":"https:\/\/christusnews.de\/site\/wp-json\/wp\/v2\/categories?post=24594"},{"taxonomy":"post_tag","embeddable":true,"href":"https:\/\/christusnews.de\/site\/wp-json\/wp\/v2\/tags?post=24594"}],"curies":[{"name":"wp","href":"https:\/\/api.w.org\/{rel}","templated":true}]}}