{"id":24602,"date":"2023-07-09T15:14:02","date_gmt":"2023-07-09T13:14:02","guid":{"rendered":"https:\/\/christusnews.de\/site\/das-wort-gottes-richtet-menschen-auf-und-macht-ihnen-mut\/"},"modified":"2023-07-09T23:18:26","modified_gmt":"2023-07-09T21:18:26","slug":"das-wort-gottes-richtet-menschen-auf-und-macht-ihnen-mut","status":"publish","type":"post","link":"https:\/\/christusnews.de\/site\/das-wort-gottes-richtet-menschen-auf-und-macht-ihnen-mut\/","title":{"rendered":"Das Wort Gottes richtet Menschen auf und macht ihnen Mut"},"content":{"rendered":"<p>Am Sonntag, 9. Juli, wurden zwei Pfarrerinnen und drei Pfarrer von Bischof Thomas Adomeit in der Oldenburger St.-Lamberti-Kirche ordiniert. Mit der Ordination werden Pfarrerinnen und Pfarrer \u00f6ffentlich dazu berufen, zu predigen, zu taufen und das Abendmahl auszuteilen. Ordiniert wurden Pfarrerin Svenja Lange, Pfarrerin Dr. Maike Mittelsteiner, Pfarrer Henry Burow, Pfarrer Ferdinand Scheel und Pfarrer Dr. Christian Wetz. Die Ordination ist zugleich Berufung, Segnung und Sendung zum Dienst der \u00f6ffentlichen Wortverk\u00fcndigung und Sakramentsverwaltung.<\/p>\n<p>In seiner Predigt betonte Bischof Thomas Adomeit, dass Menschen Trost, Hoffnung und Licht im Dunkel suchten, damals, zu Jesu Zeiten wie auch heute. \u201eWir sind gefragt, ihr seid gefragt, zu verk\u00fcndigen \u2013 in Wort und Tat: zu predigen und die Sakramente zu verwalten. Zu taufen und die Menschen im Abendmahl zu st\u00e4rken\u201c, so Adomeit.&nbsp;<\/p>\n<p>Das Wort Gottes richte Menschen auf, mache ihnen Mut, sich nicht einfach mit allem Unrecht abzufinden. Das Wort Gottes schenke auch die Kraft, \u201ezu sehen, wo auch in schwierigen Lagen Lebenschancen offengeblieben sind\u201c. Und es treibe die Angst aus den Herzen und erm\u00f6gliche den aufrechten Gang.<\/p>\n<p>Was Jesus begonnen habe, mache niemand zunichte, auch nicht die Schuld und das Vers\u00e4umnis derer, die ihm nachfolgten, so Adomeit. Christus sei es, der zu seinem Wort stehe, \u00fcber alle Schwachheit und allen Kleinmut der Seinen hinweg. Sein Werk sei es, das getan werde und das bestehen bleibe. Das \u201eMenschen fangen\u201c im Namen Jesu, das Weitersagen und Weitertragen seiner guten Botschaft von der Liebe Gottes ereigne sich meist ganz unspektakul\u00e4r. Christinnen und Christen seien aufgerufen, \u00fcber ihren Glauben zu sprechen, auf die N\u00e4chsten zuzugehen und den Schwachen zu helfen. \u201eDer Herr ist dein Hirte, trau\u00b4 dich\u201c, so Adomeit.&nbsp;<\/p>\n<p>Pastorinnen und Pastoren st\u00fcnden vor \u00e4hnlichen Herausforderungen wie die Fischer am See Genezareth vor rund 2.000 Jahren (Predigttext: Lukas 5,1-11): \u201eDie Netze scheinen leer zu sein, die Kirchen auch, die ganze Nacht gefischt, von der F\u00fclle reden wir selten. Eher vom Weniger-Werden, vom Defizit. Menschen fischen? Das Netzwerk Kirche scheint zu viele Fehler zu haben, zu viele L\u00f6cher, zu viele Probleme. Und scheint an den falschen Stellen ausgeworfen.\u201c Doch Erfolg sei keiner der Namen Gottes, betonte Adomeit.<\/p>\n<p>Bischof Adomeit w\u00fcnschte den f\u00fcnf Ordinierten einen \u201eNeuanfang. Zusammen gehen sie, in das Neue, in das Unbekannte, doch er und sie haben nichts zu f\u00fcrchten. Auf sein Wort hin.\u201c Sie d\u00fcrften im Vertrauen auf die Zuwendung Gottes ihren Weg gehen; Gott k\u00f6nne Gro\u00dfes daraus machen. Abschlie\u00dfend \u00e4u\u00dferte Bischof Adomeit die Hoffnung, \u201edass wir hin und wieder selbst an solchen Zeichen, an den vollen Netzen stehen \u2013 dass wir uns an seinem Wirken mitfreuen d\u00fcrfen.\u201c<\/p>\n<p>Musikalisch gestaltet wurde der Gottesdienst von Landeskirchenmusikdirektorin Beate Besser und dem Auswahlchor des Posaunenwerks der oldenburgischen Kirche unter Leitung von Landesposaunenwart Christian Strohmann.<\/p>\n<p><strong>Pfarrer Henry Burow <\/strong>wurde 1991 in Kiel geboren und hat Evangelische Theologie in Wuppertal und Rostock studiert. Er absolvierte ab Oktober 2020 sein Vikariat in der Kirchengemeinde Heppens in Wilhelmshaven. Die Zweite Theologische Pr\u00fcfung legte Pfarrer Burow im Dezember 2022 erfolgreich ab. Seit Januar 2023 ist er in der Ev.-luth. Kirchengemeinde Wilhelmshaven (Christus- und Garnisonkirche) t\u00e4tig.&nbsp;<\/p>\n<p><strong>Pfarrerin Svenja Lange <\/strong>wurde 1986 in Bremen geboren und hat Evangelische Theologie in Hamburg und Berlin studiert. Sie absolvierte ab Februar 2017 ihr Vikariat in der reformierten Gemeinde Aumund, in der Gef\u00e4ngnisseelsorge der Justizvollzugsanstalt Oslebshausen und in der Gemeinde Walle. Die Zweite Theologische Pr\u00fcfung legte Pfarrerin Lange im April 2022 erfolgreich in Bremen ab. Seit Mai 2023 ist sie Pfarrerin auf Probe in der Ev.-luth. Kirchengemeinde \u201eZu den Zw\u00f6lf Aposteln\u201c in Delmenhorst.<\/p>\n<p><strong>Pfarrerin Dr. Maike Mittelsteiner<\/strong>, geb. Pufahl, wurde 1988 in Hamburg geboren. Sie studierte Evangelische Theologie in Marburg, Leipzig, Kiel und Hamburg. 2021 promovierte sie zur Geschichte der Diakonie im Oldenburger Land an der Universit\u00e4t Oldenburg. Anschlie\u00dfend begann sie ihr Vikariat in der Kirchengemeinde Sandkrug. Die Zweite Theologische Pr\u00fcfung legte Pfarrerin Mittelsteiner im Mai 2023 in Loccum erfolgreich ab. Sie ist seit Juli 2023 Pfarrerin auf Probe in der Ev.-luth. Kirchengemeinde Varel.&nbsp;<\/p>\n<p><strong>Pfarrer Ferdinand Scheel <\/strong>wurde 1991 in Friedrichroda geboren und hat Evangelische Theologie an der Universit\u00e4t Leipzig (Diplom, Ev. Theologie) studiert. Er absolvierte sein Vikariat in der Evangelischen Kirche in Mitteldeutschland: in Laucha an der Unstrut (2020 \u2013 2021) und in Merseburg und Schkopau (2021 \u2013 2023). Die Zweite Theologische Pr\u00fcfung legte Pfarrer Scheel im November 2022 in Neudietendorf erfolgreich ab. Er ist seit Mai 2023 Pfarrer auf Probe in der Ev.-luth. Heilig-Geist-Kirchengemeinde in Delmenhorst-Deichhorst.<\/p>\n<p><strong>Pfarrer Dr. Christian Wetz <\/strong>wurde 1971 in Herborn geboren und studierte in Gie\u00dfen und Kiel. Nach dem Ersten Staatsexamen f\u00fcr Lehramt an Gymnasien und dem Ersten Theologischen Examen in der Ev. Kirche in Hessen-Nassau war er von 2004 bis 2009 wissenschaftlicher Mitarbeiter f\u00fcr Neues Testament an der Universit\u00e4t Bayreuth. 2010 wurde er zum Dr. theol. an der Universit\u00e4t Kiel promoviert. Dr. Wetz absolvierte von 2010 bis 2013 sein Vikariat in den Kirchengemeinden in Gr\u00fcnberg und Gie\u00dfen-Kleinlinden. Die Zweite Theologische Pr\u00fcfung legte er im Oktober 2012 in der Ev. Kirche in Hessen-Nassau erfolgreich ab. Seit 2013 ist Dr. Christian Wetz wissenschaftlicher Mitarbeiter (Neues Testament) am Institut f\u00fcr Ev. Theologie und Religionsp\u00e4dagogik der Carl-von-Ossietzky-Universit\u00e4t Oldenburg und \u00fcbernimmt ehrenamtliche Dienste im Kirchenkreis Oldenburg mit Schwerpunkt in der Nikolai-Gemeinde Eversten (Gottesdienste).&nbsp;<\/p>\n<p>Kirche-Oldenburg<br \/>\n<a href=\"https:\/\/www.kirche-oldenburg.de\/\/aktuell\/pressemitteilungen\/artikel\/das-wort-gottes-richtet-menschen-auf-und-macht-ihnen-mut\" target=\"_blank\" rel=\"noopener\">Das Wort Gottes richtet Menschen auf und macht ihnen Mut<\/a><\/p>\n","protected":false},"excerpt":{"rendered":"<p>Am Sonntag, 9. Juli, wurden zwei Pfarrerinnen und drei Pfarrer von Bischof Thomas Adomeit in der Oldenburger St.-Lamberti-Kirche ordiniert. Mit der Ordination werden Pfarrerinnen und Pfarrer \u00f6ffentlich dazu berufen, zu predigen, zu taufen und das Abendmahl auszuteilen. Ordiniert wurden Pfarrerin Svenja Lange, Pfarrerin Dr. Maike Mittelsteiner, Pfarrer Henry Burow, Pfarrer Ferdinand Scheel und Pfarrer Dr. Christian Wetz. Die Ordination ist zugleich Berufung, Segnung und Sendung zum Dienst der \u00f6ffentlichen Wortverk\u00fcndigung und Sakramentsverwaltung. In seiner Predigt betonte Bischof Thomas Adomeit, dass Menschen Trost, Hoffnung und Licht im Dunkel suchten, damals, zu Jesu Zeiten wie auch heute. \u201eWir sind gefragt, ihr seid&#8230;<\/p>\n","protected":false},"author":7,"featured_media":0,"comment_status":"false","ping_status":"open","sticky":false,"template":"","format":"standard","meta":{"footnotes":""},"categories":[43],"tags":[44],"class_list":["post-24602","post","type-post","status-publish","format-standard","hentry","category-kirche-oldenburg","tag-kirche-oldenburg"],"_links":{"self":[{"href":"https:\/\/christusnews.de\/site\/wp-json\/wp\/v2\/posts\/24602","targetHints":{"allow":["GET"]}}],"collection":[{"href":"https:\/\/christusnews.de\/site\/wp-json\/wp\/v2\/posts"}],"about":[{"href":"https:\/\/christusnews.de\/site\/wp-json\/wp\/v2\/types\/post"}],"author":[{"embeddable":true,"href":"https:\/\/christusnews.de\/site\/wp-json\/wp\/v2\/users\/7"}],"replies":[{"embeddable":true,"href":"https:\/\/christusnews.de\/site\/wp-json\/wp\/v2\/comments?post=24602"}],"version-history":[{"count":1,"href":"https:\/\/christusnews.de\/site\/wp-json\/wp\/v2\/posts\/24602\/revisions"}],"predecessor-version":[{"id":24603,"href":"https:\/\/christusnews.de\/site\/wp-json\/wp\/v2\/posts\/24602\/revisions\/24603"}],"wp:attachment":[{"href":"https:\/\/christusnews.de\/site\/wp-json\/wp\/v2\/media?parent=24602"}],"wp:term":[{"taxonomy":"category","embeddable":true,"href":"https:\/\/christusnews.de\/site\/wp-json\/wp\/v2\/categories?post=24602"},{"taxonomy":"post_tag","embeddable":true,"href":"https:\/\/christusnews.de\/site\/wp-json\/wp\/v2\/tags?post=24602"}],"curies":[{"name":"wp","href":"https:\/\/api.w.org\/{rel}","templated":true}]}}