{"id":24607,"date":"2023-07-09T13:05:00","date_gmt":"2023-07-09T11:05:00","guid":{"rendered":"https:\/\/christusnews.de\/site\/diskussion-um-zu-viele-woelfe-in-niedersachsen-setzt-sich-fort-weil-will-druck-auf-bund-und-eu-erhoehen\/"},"modified":"2023-07-10T23:18:40","modified_gmt":"2023-07-10T21:18:40","slug":"diskussion-um-zu-viele-woelfe-in-niedersachsen-setzt-sich-fort-weil-will-druck-auf-bund-und-eu-erhoehen","status":"publish","type":"post","link":"https:\/\/christusnews.de\/site\/diskussion-um-zu-viele-woelfe-in-niedersachsen-setzt-sich-fort-weil-will-druck-auf-bund-und-eu-erhoehen\/","title":{"rendered":"Diskussion um zu viele W\u00f6lfe in Niedersachsen setzt sich fort &#8211; Weil will Druck auf Bund und EU erh\u00f6hen"},"content":{"rendered":"<p class=\"MsoPlainText\">Osnabr\u00fcck\/Hannover (epd). In der Debatte um den Wolf will Niedersachsens Ministerpr\u00e4sident Stephan weil (SPD) auf Bundes- und Europaebene den Druck erh\u00f6hen, damit L\u00e4nder auf Probleme flexibler reagieren k\u00f6nnen. \u00abEs geht nicht um die Ausrottung des Wolfes, aber bei einer \u00dcberlastung, wie wir sie in Teilen Niedersachsens erleben, m\u00fcssen wir eingreifen k\u00f6nnen\u00bb, sagte der Politiker der \u00abNeuen Osnabr\u00fccker Zeitung\u00bb (Sonnabend). Niedersachsen z\u00e4hle mit derzeit sch\u00e4tzungsweise 400 bis 500 W\u00f6lfen zu den \u00fcberlasteten Regionen in Europa.<\/p>\n<p class=\"MsoPlainText\">&nbsp;<\/p>\n<p class=\"MsoPlainText\">In einzelnen Regionen des Landes gebe es schlichtweg zu viele W\u00f6lfe, unterstrich Weil. Er k\u00f6nne bislang nicht erkennen, dass der Bund sich um ein regionales Bestandsmanagement k\u00fcmmere, wie es in der Koalitionsvereinbarung angek\u00fcndigt wurde. \u00abDass sich \u00fcberhaupt nichts bewegt, macht mich unruhig.\u00bb<\/p>\n<p class=\"MsoPlainText\">&nbsp;<\/p>\n<p class=\"MsoPlainText\">Es gehe um ein Problem, das viele in Sorge versetze, betonte der Ministerpr\u00e4sident. \u00abUnd wenn Politik dann den Eindruck vermittelt, sie k\u00f6nne keine Antworten geben, macht das die Menschen w\u00fctend.\u00bb<\/p>\n<p class=\"MsoPlainText\">&nbsp;<\/p>\n<p class=\"MsoPlainText\">In der Diskussion um die Entnahme von Problemw\u00f6lfen sprach sich der nieders\u00e4chsische Umweltminister Christian Meyer (Gr\u00fcne) f\u00fcr eine weitere L\u00f6sung aus: \u00abStatt sogenannte Problemw\u00f6lfe w\u00fcrde ich lieber Problemregionen definieren, in denen f\u00fcr eine bestimmte Zeit W\u00f6lfe bejagt werden d\u00fcrfen, wenn dort die Nutztiersch\u00e4den trotz gro\u00dfer Schutzanstrengungen \u00fcberhandnehmen\u00bb, sagte Meyer dem \u00abSpiegel\u00bb (Sonnabend). Daf\u00fcr m\u00fcsse die Bundesregierung feststellen, dass der Bestand der W\u00f6lfe in Deutschland nicht mehr gef\u00e4hrdet sei und das Naturschutzgesetz \u00e4ndern.<\/p>\n<p class=\"MsoPlainText\">&nbsp;<\/p>\n<p class=\"MsoPlainText\">Dem \u00abSpiegel\u00bb-Bericht zufolge schickt das Wolfsb\u00fcro, das dem nieders\u00e4chsischen Umweltministerium unterstellt ist, seltener als fr\u00fcher Proben von Weidetierrissen f\u00fcr eine sofortige DNA-Analyse ein. Teils k\u00f6nnten die W\u00f6lfe erst mit monatelanger Versp\u00e4tung identifiziert werden. Nur einmal im Jahr gingen Proben von Wolfsrissen aus ganz Deutschland an das Senckenberg-Institut in Hessen. Bei m\u00f6glichen Antr\u00e4gen auf Ausnahmegenehmigungen f\u00fcr Wolfsentnahmen habe diese Praxis allerdings keinen Einfluss und Proben w\u00fcrden als eilbed\u00fcrftig deklariert, hie\u00df es.<\/p>\n<p class=\"MsoPlainText\">&nbsp;<\/p>\n<p>Kirche-Oldenburg<br \/>\n<a href=\"https:\/\/www.kirche-oldenburg.de\/\/aktuell\/news-niedersachsen\/artikel\/diskussion-um-zu-viele-woelfe-in-niedersachsen-setzt-sich-fort-weil-will-druck-auf-bund-und-eu-erhoehen\" target=\"_blank\" rel=\"noopener\">Diskussion um zu viele W\u00f6lfe in Niedersachsen setzt sich fort &#8211; Weil will Druck auf Bund und EU erh\u00f6hen<\/a><\/p>\n","protected":false},"excerpt":{"rendered":"<p>Osnabr\u00fcck\/Hannover (epd). In der Debatte um den Wolf will Niedersachsens Ministerpr\u00e4sident Stephan weil (SPD) auf Bundes- und Europaebene den Druck erh\u00f6hen, damit L\u00e4nder auf Probleme flexibler reagieren k\u00f6nnen. \u00abEs geht nicht um die Ausrottung des Wolfes, aber bei einer \u00dcberlastung, wie wir sie in Teilen Niedersachsens erleben, m\u00fcssen wir eingreifen k\u00f6nnen\u00bb, sagte der Politiker der \u00abNeuen Osnabr\u00fccker Zeitung\u00bb (Sonnabend). Niedersachsen z\u00e4hle mit derzeit sch\u00e4tzungsweise 400 bis 500 W\u00f6lfen zu den \u00fcberlasteten Regionen in Europa. &nbsp; In einzelnen Regionen des Landes gebe es schlichtweg zu viele W\u00f6lfe, unterstrich Weil. Er k\u00f6nne bislang nicht erkennen, dass der Bund sich um ein regionales&#8230;<\/p>\n","protected":false},"author":7,"featured_media":0,"comment_status":"false","ping_status":"open","sticky":false,"template":"","format":"standard","meta":{"footnotes":""},"categories":[43],"tags":[44],"class_list":["post-24607","post","type-post","status-publish","format-standard","hentry","category-kirche-oldenburg","tag-kirche-oldenburg"],"_links":{"self":[{"href":"https:\/\/christusnews.de\/site\/wp-json\/wp\/v2\/posts\/24607","targetHints":{"allow":["GET"]}}],"collection":[{"href":"https:\/\/christusnews.de\/site\/wp-json\/wp\/v2\/posts"}],"about":[{"href":"https:\/\/christusnews.de\/site\/wp-json\/wp\/v2\/types\/post"}],"author":[{"embeddable":true,"href":"https:\/\/christusnews.de\/site\/wp-json\/wp\/v2\/users\/7"}],"replies":[{"embeddable":true,"href":"https:\/\/christusnews.de\/site\/wp-json\/wp\/v2\/comments?post=24607"}],"version-history":[{"count":1,"href":"https:\/\/christusnews.de\/site\/wp-json\/wp\/v2\/posts\/24607\/revisions"}],"predecessor-version":[{"id":24608,"href":"https:\/\/christusnews.de\/site\/wp-json\/wp\/v2\/posts\/24607\/revisions\/24608"}],"wp:attachment":[{"href":"https:\/\/christusnews.de\/site\/wp-json\/wp\/v2\/media?parent=24607"}],"wp:term":[{"taxonomy":"category","embeddable":true,"href":"https:\/\/christusnews.de\/site\/wp-json\/wp\/v2\/categories?post=24607"},{"taxonomy":"post_tag","embeddable":true,"href":"https:\/\/christusnews.de\/site\/wp-json\/wp\/v2\/tags?post=24607"}],"curies":[{"name":"wp","href":"https:\/\/api.w.org\/{rel}","templated":true}]}}