{"id":24620,"date":"2023-07-11T20:05:49","date_gmt":"2023-07-11T18:05:49","guid":{"rendered":"https:\/\/christusnews.de\/site\/vortrags-sommerreihe-zehn-reden-fuer-unser-leben-an-der-kueste-wie-wollen-wir-morgen-leben\/"},"modified":"2023-07-11T23:17:26","modified_gmt":"2023-07-11T21:17:26","slug":"vortrags-sommerreihe-zehn-reden-fuer-unser-leben-an-der-kueste-wie-wollen-wir-morgen-leben","status":"publish","type":"post","link":"https:\/\/christusnews.de\/site\/vortrags-sommerreihe-zehn-reden-fuer-unser-leben-an-der-kueste-wie-wollen-wir-morgen-leben\/","title":{"rendered":"Vortrags-Sommerreihe: \u201eZehn Reden f\u00fcr unser Leben an der K\u00fcste: Wie wollen wir morgen leben?\u201c"},"content":{"rendered":"<p>Am Mittwoch, 11. Juli, startet die zehnteilige Sommer-Veranstaltungsreihe \u201eZehn Reden f\u00fcr unser Leben an der K\u00fcste: Wie wollen wir morgen leben?\u201c im Graf-Anton-G\u00fcnther-Saal des Jeverschen Rathauses. Hauptredner ist der Gesch\u00e4ftsf\u00fchrer des Oldenburgisch-Ostfriesischen Wasserverbands (OOWV), Karten Specht. Beginn ist um 19 Uhr.<\/p>\n<p>Zuvor wird Landrat Sven Ambrosy die Reihe des Demokratieprojektes FrieslandVisionen er\u00f6ffnen. Es spielt der Posaunenchor Jever unter der Leitung von Kreiskantor Klaus Wedel. Moderiert wird der Abend von Tim Tjettmers (Volkshochschule Friesland-Wittmund), Heide Gr\u00fcnefeld (FrieslandVisionen) und Br. Franziskus (Rogate-Kloster).<\/p>\n<p>\u00dcber den Redner des Abends: Karsten Specht ist seit 2011 Gesch\u00e4ftsf\u00fchrer des Oldenburgisch-Ostfriesischen Wasserverbands (OOWV). Daneben ist er Vizepr\u00e4sident (seit dem 01.01.2018) sowie Vorstands- und Pr\u00e4sidiumsmitglied des Verbands kommunaler Unternehmen (VKU), stellvertretender Vorsitzender der VKU-Landesgruppe Niedersachsen\/Bremen und Mitglied in diversen weiteren Gremien von Fach- und Branchenverb\u00e4nden und seit Januar 2022 Aufsichtsratsvorsitzender der Harzwasserwerke GmbH. Vor seiner T\u00e4tigkeit beim OOWV war er acht Jahre bei Pricewaterhouse-Coopers\/WIBERA AG in der Pr\u00fcfung und Beratung kommunaler Unternehmen aller Sparten und internationaler Industriekonzerne sowie f\u00fcnf Jahre bei den Stadtwerken Verden als Prokurist t\u00e4tig. Karsten Specht hat die Qualifikation als Steuerberater.<\/p>\n<p><strong>Termin kompakt: Mittwoch, 12. Juli 2023 | 19:00 Uhr<\/strong>, Er\u00f6ffnung der \u201eZehn Reden.\u201c-Reihe mit Landrat Sven Ambrosy, Landkreis Friesland. Hauptrede: Gesch\u00e4ftsf\u00fchrer Karsten Specht, Oldenburgisch-Ostfriesischer Wasserverband. Ort: Rathaus, Graf-Anton-G\u00fcnther-Saal, Am Kirchplatz 11, 26441 Jever.<\/p>\n<p>Die Reihe der FrieslandVisionen ist offizieller Teil des Festprogramms des Landkreises. Mitveranstalter sind der Ev.-luth. Kirchenkreis Friesland-Wilhelmshaven, die Volkshochschule Friesland-Wittmund, das Rogate-Kloster Sankt Michael und der Beauftragte f\u00fcr den interreligi\u00f6sen Dialog des Landkreises.<\/p>\n<p>Die FrieslandVisionen werden durch das F\u00f6rder- und Qualifizierungsprogramm \u201eMITEINANDER REDEN \u2013 Gespr\u00e4che gestalten \u2013 Gemeinsam handeln\u201c f\u00fcr Akteur*innen in l\u00e4ndlichen R\u00e4umen durch die Bundeszentrale f\u00fcr politische Bildung finanziell gef\u00f6rdert. Initiator und Projektleiter ist Bruder Franziskus.<\/p>\n<p>Weitere Informationen: <a href=\"www.FrieslandVisionen.de\">FrieslandVisionen.de<\/a>&nbsp;<\/p>\n<p><strong>Weitere Termine und Orte:<\/strong><br \/>\n\u2022&nbsp;&nbsp; <strong>&nbsp;Donnerstag, 27. Juli, 20:30 Uhr.<\/strong> Rede: Inselpastor Egbert Schlotmann, Wangerooge. Ort: St. Willehad-Kirche, Damenpfad 20, 26486 Wangerooge<br \/>\n\u2022&nbsp;&nbsp; &nbsp;<strong>Sonnabend, 29. Juli, 13:30 Uhr.<\/strong> Rede: Dr. Andreas Philippi, Minister f\u00fcr Soziales, Arbeit, Gesundheit und Gleichstellung des Landes Niedersachsen. Ort: Forum Alte Kirche, Osterstr. 5, 26316 Varel<br \/>\n\u2022&nbsp;&nbsp; &nbsp;<strong>Donnerstag, 3. August, 19:00 Uhr.<\/strong> Rede: Daniela Behrens, Ministerin f\u00fcr Inneres und Sport des Landes Niedersachsen. Ort: Sankt Florian-Kirche, M\u00fchlenstr. 2, 26419 Schortens-Sillenstede<br \/>\n\u2022&nbsp;&nbsp; &nbsp;<strong>Donnerstag, 10. August, 19:00 Uhr.<\/strong> Landtagspr\u00e4sidentin Hanna Naber, Niedersachsen. Ort: Sankt Bonifatius, Erlenweg 30, 26452 Sande<br \/>\n\u2022&nbsp;&nbsp; <strong>&nbsp;Donnerstag, 17. August, 19:00 Uhr. <\/strong>Rede: Vizepr\u00e4sident Prof. Dr.-Ing. Holger Sa\u00df, Jade Hochschule Wilhelmshaven\/Oldenburg\/Elsfleth. Ort: Schlosskapelle Neuenburg, Schlo\u00dfgang 1, 26340 Zetel<br \/>\n\u2022&nbsp;&nbsp; &nbsp;<strong>Donnerstag, 24. August, 19:00 Uhr. <\/strong>Rede: Gesch\u00e4ftsf\u00fchrer Alexander Leonhardt, Wirtschaftsf\u00f6rderungsgesellschaft Wilhelmshaven. Ort: St. Magnus-Kirche, Hauptstra\u00dfe 76, 26452 Sande<br \/>\n\u2022&nbsp;&nbsp; &nbsp;<strong>Donnerstag, 31. August, 19:00 Uhr.<\/strong> Rede: Dr. Kathrin Wahlmann, Justizministerin des Landes Niedersachsen. Ort: Forum Alte Kirche, Osterstr. 5, 26316 Varel<br \/>\n\u2022&nbsp;&nbsp; &nbsp;<strong>Donnerstag, 7. September, 19:00 Uhr. <\/strong>Rede: Wiebke Osigus, Ministerin f\u00fcr Bundes- und Europaangelegenheiten und Regionale Entwicklung des Landes Niedersachsen. Ort: Sankt Florian-Kirche, M\u00fchlenstr. 2, 26419 Schortens-Sillenstede<br \/>\n\u2022&nbsp;&nbsp; &nbsp;<strong>Donnerstag, 14. September, 19:00 Uhr. <\/strong>Rede: Landrat Sven Ambrosy, Landkreis Friesland. Ort: Gemeindehaus, Am Kirchplatz 13, 26441 Jever<\/p>\n<p>Kirche-Oldenburg<br \/>\n<a href=\"https:\/\/www.kirche-oldenburg.de\/\/aktuell\/aus-den-kirchenkreisen\/artikel\/vortrags-sommerreihe-zehn-reden-fuer-unser-leben-an-der-kueste-wie-wollen-wir-morgen-leben\" target=\"_blank\" rel=\"noopener\">Vortrags-Sommerreihe: \u201eZehn Reden f\u00fcr unser Leben an der K\u00fcste: Wie wollen wir morgen leben?\u201c<\/a><\/p>\n","protected":false},"excerpt":{"rendered":"<p>Am Mittwoch, 11. Juli, startet die zehnteilige Sommer-Veranstaltungsreihe \u201eZehn Reden f\u00fcr unser Leben an der K\u00fcste: Wie wollen wir morgen leben?\u201c im Graf-Anton-G\u00fcnther-Saal des Jeverschen Rathauses. Hauptredner ist der Gesch\u00e4ftsf\u00fchrer des Oldenburgisch-Ostfriesischen Wasserverbands (OOWV), Karten Specht. Beginn ist um 19 Uhr. Zuvor wird Landrat Sven Ambrosy die Reihe des Demokratieprojektes FrieslandVisionen er\u00f6ffnen. Es spielt der Posaunenchor Jever unter der Leitung von Kreiskantor Klaus Wedel. Moderiert wird der Abend von Tim Tjettmers (Volkshochschule Friesland-Wittmund), Heide Gr\u00fcnefeld (FrieslandVisionen) und Br. Franziskus (Rogate-Kloster). \u00dcber den Redner des Abends: Karsten Specht ist seit 2011 Gesch\u00e4ftsf\u00fchrer des Oldenburgisch-Ostfriesischen Wasserverbands (OOWV). Daneben ist er Vizepr\u00e4sident (seit&#8230;<\/p>\n","protected":false},"author":7,"featured_media":0,"comment_status":"false","ping_status":"open","sticky":false,"template":"","format":"standard","meta":{"footnotes":""},"categories":[43],"tags":[44],"class_list":["post-24620","post","type-post","status-publish","format-standard","hentry","category-kirche-oldenburg","tag-kirche-oldenburg"],"_links":{"self":[{"href":"https:\/\/christusnews.de\/site\/wp-json\/wp\/v2\/posts\/24620","targetHints":{"allow":["GET"]}}],"collection":[{"href":"https:\/\/christusnews.de\/site\/wp-json\/wp\/v2\/posts"}],"about":[{"href":"https:\/\/christusnews.de\/site\/wp-json\/wp\/v2\/types\/post"}],"author":[{"embeddable":true,"href":"https:\/\/christusnews.de\/site\/wp-json\/wp\/v2\/users\/7"}],"replies":[{"embeddable":true,"href":"https:\/\/christusnews.de\/site\/wp-json\/wp\/v2\/comments?post=24620"}],"version-history":[{"count":1,"href":"https:\/\/christusnews.de\/site\/wp-json\/wp\/v2\/posts\/24620\/revisions"}],"predecessor-version":[{"id":24621,"href":"https:\/\/christusnews.de\/site\/wp-json\/wp\/v2\/posts\/24620\/revisions\/24621"}],"wp:attachment":[{"href":"https:\/\/christusnews.de\/site\/wp-json\/wp\/v2\/media?parent=24620"}],"wp:term":[{"taxonomy":"category","embeddable":true,"href":"https:\/\/christusnews.de\/site\/wp-json\/wp\/v2\/categories?post=24620"},{"taxonomy":"post_tag","embeddable":true,"href":"https:\/\/christusnews.de\/site\/wp-json\/wp\/v2\/tags?post=24620"}],"curies":[{"name":"wp","href":"https:\/\/api.w.org\/{rel}","templated":true}]}}