{"id":24622,"date":"2023-07-10T10:15:00","date_gmt":"2023-07-10T08:15:00","guid":{"rendered":"https:\/\/christusnews.de\/site\/plattdeutsch-in-ostfriesischen-kitas-potenzial-wird-nicht-genutzt\/"},"modified":"2023-07-11T23:17:27","modified_gmt":"2023-07-11T21:17:27","slug":"plattdeutsch-in-ostfriesischen-kitas-potenzial-wird-nicht-genutzt","status":"publish","type":"post","link":"https:\/\/christusnews.de\/site\/plattdeutsch-in-ostfriesischen-kitas-potenzial-wird-nicht-genutzt\/","title":{"rendered":"Plattdeutsch in ostfriesischen Kitas: Potenzial wird nicht genutzt"},"content":{"rendered":"<p class=\"MsoPlainText\">Aurich (epd). Obwohl es in ostfriesischen Kindertagesst\u00e4tten viele Fachkr\u00e4fte gibt, die Plattdeutsch sprechen, wird diese Sprache selten aktiv genutzt. Das ist das Ergebnis einer repr\u00e4sentativen Umfrage unter Einrichtungen in den Landkreisen Aurich, Leer und Wittmund sowie der Stadt Emden, die die Ostfriesische Landschaft am Montag in Aurich ver\u00f6ffentlicht hat. \u00abAnders gesagt bedeutet dies, dass die Sprache nicht so genutzt wird, dass sie als gesprochene und geh\u00f6rte Sprache als zweite Sprache von den Kindern erlernt werden kann\u00bb, hei\u00dft es in der Bilanz der Studie.<\/p>\n<p class=\"MsoPlainText\">&nbsp;<\/p>\n<p class=\"MsoPlainText\">Hier werde das vorhandene Potenzial leider noch nicht ausgesch\u00f6pft, bedauerte Grietje Kammler, Leiterin des \u00abPlattd\u00fc\u00fctskb\u00fcros\u00bb bei der Landschaft. Von 277 angeschriebenen Einrichtungen hatten den Angaben zufolge knapp 52 Prozent an der Befragung teilgenommen.<\/p>\n<p class=\"MsoPlainText\">&nbsp;<\/p>\n<p class=\"MsoPlainText\">Wie die Umfrage zeigte, arbeiten in den meisten Einrichtungen (83 Prozent) Fachkr\u00e4fte, die Plattdeutsch sprechen k\u00f6nnen. Plattdeutsche Bildungsangebote werden allerdings nur in knapp 31 Prozent der Kinderg\u00e4rten und Kindertagesst\u00e4tten umgesetzt.<\/p>\n<p class=\"MsoPlainText\">&nbsp;<\/p>\n<p class=\"MsoPlainText\">In fast einem Viertel der Einrichtungen sprechen der Studie zufolge eine oder mehrere Fachkr\u00e4fte immer oder an bestimmten Tagen ausschlie\u00dflich Plattdeutsch mit den Kindern. Ermutigend sei, dass im Vergleich zu einer Befragung aus dem Jahr 1999 die Akzeptanz f\u00fcr das Plattdeutsche gestiegen sei. Au\u00dferdem werde bei fast 80 Prozent der Kitas, in denen nicht kontinuierlich Platt gesprochen werde, die Sprache dennoch t\u00e4glich, w\u00f6chentlich oder zu gegebenen Anl\u00e4ssen eingebracht.<\/p>\n<p class=\"MsoPlainText\">&nbsp;<\/p>\n<p class=\"MsoPlainText\">Kammler warnte: \u00abEine Sprache kann aussterben, wenn sie nicht mit Kindern gesprochen wird. Das sollte allen Sprecherinnen und Sprechern bewusst sein.\u00bb Denn dann sei die Wahrscheinlichkeit sehr viel geringer, dass die Sprache an die n\u00e4chste Generation weitergegeben werde. Das \u00abPlattd\u00fc\u00fctskb\u00fcro\u00bb unterst\u00fctzt Kommunen, Einrichtungen, Medien und Gesch\u00e4ftsleute bei der Einf\u00fchrung von plattdeutschen Angeboten. Die Umfrage soll k\u00fcnftig alle f\u00fcnf Jahre wiederholt werden.<\/p>\n<p>Kirche-Oldenburg<br \/>\n<a href=\"https:\/\/www.kirche-oldenburg.de\/\/aktuell\/news-niedersachsen\/artikel\/plattdeutsch-in-ostfriesischen-kitas-potenzial-wird-nicht-genutzt\" target=\"_blank\" rel=\"noopener\">Plattdeutsch in ostfriesischen Kitas: Potenzial wird nicht genutzt<\/a><\/p>\n","protected":false},"excerpt":{"rendered":"<p>Aurich (epd). Obwohl es in ostfriesischen Kindertagesst\u00e4tten viele Fachkr\u00e4fte gibt, die Plattdeutsch sprechen, wird diese Sprache selten aktiv genutzt. Das ist das Ergebnis einer repr\u00e4sentativen Umfrage unter Einrichtungen in den Landkreisen Aurich, Leer und Wittmund sowie der Stadt Emden, die die Ostfriesische Landschaft am Montag in Aurich ver\u00f6ffentlicht hat. \u00abAnders gesagt bedeutet dies, dass die Sprache nicht so genutzt wird, dass sie als gesprochene und geh\u00f6rte Sprache als zweite Sprache von den Kindern erlernt werden kann\u00bb, hei\u00dft es in der Bilanz der Studie. &nbsp; Hier werde das vorhandene Potenzial leider noch nicht ausgesch\u00f6pft, bedauerte Grietje Kammler, Leiterin des \u00abPlattd\u00fc\u00fctskb\u00fcros\u00bb bei&#8230;<\/p>\n","protected":false},"author":7,"featured_media":0,"comment_status":"false","ping_status":"open","sticky":false,"template":"","format":"standard","meta":{"footnotes":""},"categories":[43],"tags":[44],"class_list":["post-24622","post","type-post","status-publish","format-standard","hentry","category-kirche-oldenburg","tag-kirche-oldenburg"],"_links":{"self":[{"href":"https:\/\/christusnews.de\/site\/wp-json\/wp\/v2\/posts\/24622","targetHints":{"allow":["GET"]}}],"collection":[{"href":"https:\/\/christusnews.de\/site\/wp-json\/wp\/v2\/posts"}],"about":[{"href":"https:\/\/christusnews.de\/site\/wp-json\/wp\/v2\/types\/post"}],"author":[{"embeddable":true,"href":"https:\/\/christusnews.de\/site\/wp-json\/wp\/v2\/users\/7"}],"replies":[{"embeddable":true,"href":"https:\/\/christusnews.de\/site\/wp-json\/wp\/v2\/comments?post=24622"}],"version-history":[{"count":1,"href":"https:\/\/christusnews.de\/site\/wp-json\/wp\/v2\/posts\/24622\/revisions"}],"predecessor-version":[{"id":24623,"href":"https:\/\/christusnews.de\/site\/wp-json\/wp\/v2\/posts\/24622\/revisions\/24623"}],"wp:attachment":[{"href":"https:\/\/christusnews.de\/site\/wp-json\/wp\/v2\/media?parent=24622"}],"wp:term":[{"taxonomy":"category","embeddable":true,"href":"https:\/\/christusnews.de\/site\/wp-json\/wp\/v2\/categories?post=24622"},{"taxonomy":"post_tag","embeddable":true,"href":"https:\/\/christusnews.de\/site\/wp-json\/wp\/v2\/tags?post=24622"}],"curies":[{"name":"wp","href":"https:\/\/api.w.org\/{rel}","templated":true}]}}