{"id":24635,"date":"2023-07-12T17:16:50","date_gmt":"2023-07-12T15:16:50","guid":{"rendered":"https:\/\/christusnews.de\/site\/justizministerin-wahlmann-dankt-evangelischer-straffaelligenhilfe\/"},"modified":"2023-07-13T11:18:02","modified_gmt":"2023-07-13T09:18:02","slug":"justizministerin-wahlmann-dankt-evangelischer-straffaelligenhilfe","status":"publish","type":"post","link":"https:\/\/christusnews.de\/site\/justizministerin-wahlmann-dankt-evangelischer-straffaelligenhilfe\/","title":{"rendered":"Justizministerin Wahlmann dankt evangelischer Straff\u00e4lligenhilfe"},"content":{"rendered":"<p class=\"MsoPlainText\">Celle (epd). Die nieders\u00e4chsische Justizministerin Kathrin Wahlmann (SPD) hat die bundesweit t\u00e4tige Straff\u00e4lligenhilfe Schwarzes Kreuz in Celle gew\u00fcrdigt. \u00abSie leisten hier einen ganz wichtigen Beitrag, Inhaftierten zur\u00fcck in ein straffreies Leben zu helfen\u00bb, sagte sie nach Ministeriumsangaben bei einem Besuch der diakonischen Einrichtung am Dienstag. Auch mit seinen Ausbildungsm\u00f6glichkeiten f\u00fcr junge Menschen leiste der Verein einen gro\u00dfen Beitrag f\u00fcr die Gesellschaft. Wahlmann besuchte die Einrichtung zusammen mit dem ehemaligen Celler Oberb\u00fcrgermeister und Bundestagsabgeordneten Dirk-Ulrich Mende (SPD).<\/p>\n<p class=\"MsoPlainText\">&nbsp;<\/p>\n<p class=\"MsoPlainText\">Anlass des Besuchs war den Angaben zufolge auch das 40. Jubil\u00e4um der Anlaufstellen f\u00fcr straff\u00e4llig gewordene Menschen in Niedersachsen im Mai. Das Schwarze Kreuz ist eine von insgesamt 14 nieders\u00e4chsischen Anlaufstellen in freier Tr\u00e4gerschaft. In der Arbeit der Anlaufstellen gehe ist nicht darum, den Vollzug so angenehm wie m\u00f6glich zu machen, betonte die Ministerin. \u00abDie Freiheitsstrafe ist und bleibt ein harter Einschnitt &#8211; und sie soll eine Strafe f\u00fcr das begangene Unrecht sein.\u00bb H\u00e4ftlingen m\u00fcsse jedoch ein Weg zur\u00fcck in die Gesellschaft aufgezeigt werden.<\/p>\n<p>Kirche-Oldenburg<br \/>\n<a href=\"https:\/\/www.kirche-oldenburg.de\/\/aktuell\/news-niedersachsen\/artikel\/justizministerin-wahlmann-dankt-evangelischer-straffaelligenhilfe\" target=\"_blank\" rel=\"noopener\">Justizministerin Wahlmann dankt evangelischer Straff\u00e4lligenhilfe<\/a><\/p>\n","protected":false},"excerpt":{"rendered":"<p>Celle (epd). Die nieders\u00e4chsische Justizministerin Kathrin Wahlmann (SPD) hat die bundesweit t\u00e4tige Straff\u00e4lligenhilfe Schwarzes Kreuz in Celle gew\u00fcrdigt. \u00abSie leisten hier einen ganz wichtigen Beitrag, Inhaftierten zur\u00fcck in ein straffreies Leben zu helfen\u00bb, sagte sie nach Ministeriumsangaben bei einem Besuch der diakonischen Einrichtung am Dienstag. Auch mit seinen Ausbildungsm\u00f6glichkeiten f\u00fcr junge Menschen leiste der Verein einen gro\u00dfen Beitrag f\u00fcr die Gesellschaft. Wahlmann besuchte die Einrichtung zusammen mit dem ehemaligen Celler Oberb\u00fcrgermeister und Bundestagsabgeordneten Dirk-Ulrich Mende (SPD). &nbsp; Anlass des Besuchs war den Angaben zufolge auch das 40. Jubil\u00e4um der Anlaufstellen f\u00fcr straff\u00e4llig gewordene Menschen in Niedersachsen im Mai. Das Schwarze&#8230;<\/p>\n","protected":false},"author":7,"featured_media":0,"comment_status":"false","ping_status":"open","sticky":false,"template":"","format":"standard","meta":{"footnotes":""},"categories":[43],"tags":[44],"class_list":["post-24635","post","type-post","status-publish","format-standard","hentry","category-kirche-oldenburg","tag-kirche-oldenburg"],"_links":{"self":[{"href":"https:\/\/christusnews.de\/site\/wp-json\/wp\/v2\/posts\/24635","targetHints":{"allow":["GET"]}}],"collection":[{"href":"https:\/\/christusnews.de\/site\/wp-json\/wp\/v2\/posts"}],"about":[{"href":"https:\/\/christusnews.de\/site\/wp-json\/wp\/v2\/types\/post"}],"author":[{"embeddable":true,"href":"https:\/\/christusnews.de\/site\/wp-json\/wp\/v2\/users\/7"}],"replies":[{"embeddable":true,"href":"https:\/\/christusnews.de\/site\/wp-json\/wp\/v2\/comments?post=24635"}],"version-history":[{"count":1,"href":"https:\/\/christusnews.de\/site\/wp-json\/wp\/v2\/posts\/24635\/revisions"}],"predecessor-version":[{"id":24636,"href":"https:\/\/christusnews.de\/site\/wp-json\/wp\/v2\/posts\/24635\/revisions\/24636"}],"wp:attachment":[{"href":"https:\/\/christusnews.de\/site\/wp-json\/wp\/v2\/media?parent=24635"}],"wp:term":[{"taxonomy":"category","embeddable":true,"href":"https:\/\/christusnews.de\/site\/wp-json\/wp\/v2\/categories?post=24635"},{"taxonomy":"post_tag","embeddable":true,"href":"https:\/\/christusnews.de\/site\/wp-json\/wp\/v2\/tags?post=24635"}],"curies":[{"name":"wp","href":"https:\/\/api.w.org\/{rel}","templated":true}]}}