{"id":24639,"date":"2023-07-13T10:48:00","date_gmt":"2023-07-13T08:48:00","guid":{"rendered":"https:\/\/christusnews.de\/site\/manzke-wuerdigt-verstorbenen-weihbischof-jaschke\/"},"modified":"2023-07-14T11:20:39","modified_gmt":"2023-07-14T09:20:39","slug":"manzke-wuerdigt-verstorbenen-weihbischof-jaschke","status":"publish","type":"post","link":"https:\/\/christusnews.de\/site\/manzke-wuerdigt-verstorbenen-weihbischof-jaschke\/","title":{"rendered":"Manzke w\u00fcrdigt verstorbenen Weihbischof Jaschke"},"content":{"rendered":"<p class=\"MsoPlainText\">B\u00fcckeburg\/Hamburg (epd). Der evangelische \u00d6kumene-Bischof Karl-Hinrich Manzke aus B\u00fcckeburg hat das Wirken des verstorbenen katholischen Weihbischofs Hans-Jochen Jaschke aus Hamburg gew\u00fcrdigt.&nbsp;Dabei hob er besonders Jaschkes \u00ab\u00f6kumenische Gesinnung\u00bb in der Zusammenarbeit mit der evangelischen Kirche und seinen Einsatz f\u00fcr die Seelsorge in der Bundespolizei hervor. \u00abEr hatte ein gro\u00dfes Herz f\u00fcr Polizistinnen und Polizisten und f\u00fcr die \u00d6kumene\u00bb, betonte Manzke am Donnerstag.<\/p>\n<p class=\"MsoPlainText\">&nbsp;<\/p>\n<p class=\"MsoPlainText\">Manzke steht als Landesbischof an der Spitze der Evangelisch-Lutherischen Landeskirche Schaumburg-Lippe mit Sitz in B\u00fcckeburg. Zugleich ist er Catholica-Beauftragter der Vereinigten Evangelisch-Lutherischen Kirche Deutschlands (VELKD) und Beauftragter des Rates der Evangelischen Kirche in Deutschland (EKD) f\u00fcr die Seelsorge an der Bundespolizei.<\/p>\n<p class=\"MsoPlainText\">&nbsp;<\/p>\n<p class=\"MsoPlainText\">Von 2010 bis 2016 habe er mit Weihbischof Jaschke in der Seelsorge f\u00fcr die Bundespolizei vertrauensvoll und entschieden \u00f6kumenisch zusammengearbeitet, erkl\u00e4rte Manzke. Nur so k\u00f6nnten die Kirchen hilfreiche Partner des Staates in einem sehr herausfordernden Berufsfeld sein und bleiben.<\/p>\n<p class=\"MsoPlainText\">&nbsp;<\/p>\n<p class=\"MsoPlainText\">In einem Brief an den katholischen Dekan der Bundespolizei, Peter Wehr, hebt Manzke zudem Jaschkes \u00abweltoffene\u00bb Art und sein \u00abentschlossenes \u00f6kumenisches Wirken\u00bb hervor. F\u00fcr ihn sei das eine Verpflichtung gewesen, \u00abin der Gemeinsamkeit der Kirchen nach au\u00dfen entschieden weiterzuarbeiten\u00bb.<\/p>\n<p class=\"MsoPlainText\">&nbsp;<\/p>\n<p class=\"MsoPlainText\">Manzke will an diesem Sonnabend (15. Juli) im St. Mariendom in Hamburg am Pontifikalrequiem f\u00fcr Hans-Jochen Jaschke teilnehmen. Jaschke, der als Sohn von Fl\u00fcchtlingen aus Oberschlesien in B\u00fcckeburg aufwuchs, war am Dienstag im Alter von 81 Jahren in Hamburg gestorben.<\/p>\n<p>Kirche-Oldenburg<br \/>\n<a href=\"https:\/\/www.kirche-oldenburg.de\/\/aktuell\/news-niedersachsen\/artikel\/manzke-wuerdigt-verstorbenen-weihbischof-jaschke\" target=\"_blank\" rel=\"noopener\">Manzke w\u00fcrdigt verstorbenen Weihbischof Jaschke<\/a><\/p>\n","protected":false},"excerpt":{"rendered":"<p>B\u00fcckeburg\/Hamburg (epd). Der evangelische \u00d6kumene-Bischof Karl-Hinrich Manzke aus B\u00fcckeburg hat das Wirken des verstorbenen katholischen Weihbischofs Hans-Jochen Jaschke aus Hamburg gew\u00fcrdigt.&nbsp;Dabei hob er besonders Jaschkes \u00ab\u00f6kumenische Gesinnung\u00bb in der Zusammenarbeit mit der evangelischen Kirche und seinen Einsatz f\u00fcr die Seelsorge in der Bundespolizei hervor. \u00abEr hatte ein gro\u00dfes Herz f\u00fcr Polizistinnen und Polizisten und f\u00fcr die \u00d6kumene\u00bb, betonte Manzke am Donnerstag. &nbsp; Manzke steht als Landesbischof an der Spitze der Evangelisch-Lutherischen Landeskirche Schaumburg-Lippe mit Sitz in B\u00fcckeburg. Zugleich ist er Catholica-Beauftragter der Vereinigten Evangelisch-Lutherischen Kirche Deutschlands (VELKD) und Beauftragter des Rates der Evangelischen Kirche in Deutschland (EKD) f\u00fcr die Seelsorge&#8230;<\/p>\n","protected":false},"author":7,"featured_media":0,"comment_status":"false","ping_status":"open","sticky":false,"template":"","format":"standard","meta":{"footnotes":""},"categories":[43],"tags":[44],"class_list":["post-24639","post","type-post","status-publish","format-standard","hentry","category-kirche-oldenburg","tag-kirche-oldenburg"],"_links":{"self":[{"href":"https:\/\/christusnews.de\/site\/wp-json\/wp\/v2\/posts\/24639","targetHints":{"allow":["GET"]}}],"collection":[{"href":"https:\/\/christusnews.de\/site\/wp-json\/wp\/v2\/posts"}],"about":[{"href":"https:\/\/christusnews.de\/site\/wp-json\/wp\/v2\/types\/post"}],"author":[{"embeddable":true,"href":"https:\/\/christusnews.de\/site\/wp-json\/wp\/v2\/users\/7"}],"replies":[{"embeddable":true,"href":"https:\/\/christusnews.de\/site\/wp-json\/wp\/v2\/comments?post=24639"}],"version-history":[{"count":1,"href":"https:\/\/christusnews.de\/site\/wp-json\/wp\/v2\/posts\/24639\/revisions"}],"predecessor-version":[{"id":24640,"href":"https:\/\/christusnews.de\/site\/wp-json\/wp\/v2\/posts\/24639\/revisions\/24640"}],"wp:attachment":[{"href":"https:\/\/christusnews.de\/site\/wp-json\/wp\/v2\/media?parent=24639"}],"wp:term":[{"taxonomy":"category","embeddable":true,"href":"https:\/\/christusnews.de\/site\/wp-json\/wp\/v2\/categories?post=24639"},{"taxonomy":"post_tag","embeddable":true,"href":"https:\/\/christusnews.de\/site\/wp-json\/wp\/v2\/tags?post=24639"}],"curies":[{"name":"wp","href":"https:\/\/api.w.org\/{rel}","templated":true}]}}