{"id":24641,"date":"2023-07-13T10:43:00","date_gmt":"2023-07-13T08:43:00","guid":{"rendered":"https:\/\/christusnews.de\/site\/verband-kritisiert-staat-zieht-sich-aus-der-pflege-weiter-zurueck\/"},"modified":"2023-07-14T11:20:40","modified_gmt":"2023-07-14T09:20:40","slug":"verband-kritisiert-staat-zieht-sich-aus-der-pflege-weiter-zurueck","status":"publish","type":"post","link":"https:\/\/christusnews.de\/site\/verband-kritisiert-staat-zieht-sich-aus-der-pflege-weiter-zurueck\/","title":{"rendered":"Verband kritisiert: Staat zieht sich aus der Pflege weiter zur\u00fcck"},"content":{"rendered":"<p class=\"MsoPlainText\">Oldenburg (epd). Der Sozialverband Deutschland (SoVD) sieht das geplante Ende des j\u00e4hrlichen Bundeszuschusses zur Pflegeversicherung kritisch. \u00abDer Staat zieht sich aus der Pflege weiter zur\u00fcck\u00bb, sagte die Pflegewissenschaftlerin Martina Hasseler, stellvertretende Vorsitzende des SoVD-Kreisverbandes Oldenburg-Delmenhorst. Die Streichung belaste wieder st\u00e4rker die Einzelnen und mindere Renten.<\/p>\n<p class=\"MsoPlainText\">&nbsp;<\/p>\n<p class=\"MsoPlainText\">\u00abDer Wegfall wird nicht nur die Versorgung verschlechtern und die Altersarmut insbesondere von Frauen verst\u00e4rken\u00bb, mahnte Hasseler. Sie verwies darauf, dass angesichts der demografischen Alterung der Bedarf an professioneller und privater Pflege steigt und zur Kostend\u00e4mpfung immer mehr auf Angeh\u00f6rige gesetzt wird: \u00abEs sind oft die Frauen, die die unentgeltliche Betreuung \u00fcbernehmen m\u00fcssen.\u00bb<\/p>\n<p class=\"MsoPlainText\">&nbsp;<\/p>\n<p class=\"MsoPlainText\">Der Sozialverband fordert daher eine Reform der Pflegeversicherung, die nicht nur finanziell neu organisiert werden m\u00fcsse: \u00abJe mehr sich der Staat zur\u00fcckzieht, umso wichtiger wird eine bedarfsangemessene Versicherung f\u00fcr Pflege im Heim und zu Hause.\u00bb Das leiste die Pflegeversicherung nicht. Ihre Leistungen dienten nur als Ersatz der Angeh\u00f6rigenpflege. Sie habe den falschen Namen erhalten, weil sie immer nur eine basale Hilfeleistung oder Alltagsunterst\u00fctzung gewesen sei.<\/p>\n<p class=\"MsoPlainText\">&nbsp;<\/p>\n<p class=\"MsoPlainText\">Bundesgesundheitsminister Karl Lauterbach (SPD) hatte Ende Juni im Zuge der geplanten Haushaltssanierung erkl\u00e4rt, im Etat seines Ressorts falle 2024 der Zuschuss von einer Milliarde Euro f\u00fcr die Pflegeversicherung weg. Es werde aber keine Leistungsk\u00fcrzungen geben.<\/p>\n<p>Kirche-Oldenburg<br \/>\n<a href=\"https:\/\/www.kirche-oldenburg.de\/\/aktuell\/news-niedersachsen\/artikel\/verband-kritisiert-staat-zieht-sich-aus-der-pflege-weiter-zurueck\" target=\"_blank\" rel=\"noopener\">Verband kritisiert: Staat zieht sich aus der Pflege weiter zur\u00fcck<\/a><\/p>\n","protected":false},"excerpt":{"rendered":"<p>Oldenburg (epd). Der Sozialverband Deutschland (SoVD) sieht das geplante Ende des j\u00e4hrlichen Bundeszuschusses zur Pflegeversicherung kritisch. \u00abDer Staat zieht sich aus der Pflege weiter zur\u00fcck\u00bb, sagte die Pflegewissenschaftlerin Martina Hasseler, stellvertretende Vorsitzende des SoVD-Kreisverbandes Oldenburg-Delmenhorst. Die Streichung belaste wieder st\u00e4rker die Einzelnen und mindere Renten. &nbsp; \u00abDer Wegfall wird nicht nur die Versorgung verschlechtern und die Altersarmut insbesondere von Frauen verst\u00e4rken\u00bb, mahnte Hasseler. Sie verwies darauf, dass angesichts der demografischen Alterung der Bedarf an professioneller und privater Pflege steigt und zur Kostend\u00e4mpfung immer mehr auf Angeh\u00f6rige gesetzt wird: \u00abEs sind oft die Frauen, die die unentgeltliche Betreuung \u00fcbernehmen m\u00fcssen.\u00bb &nbsp;&#8230;<\/p>\n","protected":false},"author":7,"featured_media":0,"comment_status":"false","ping_status":"open","sticky":false,"template":"","format":"standard","meta":{"footnotes":""},"categories":[43],"tags":[44],"class_list":["post-24641","post","type-post","status-publish","format-standard","hentry","category-kirche-oldenburg","tag-kirche-oldenburg"],"_links":{"self":[{"href":"https:\/\/christusnews.de\/site\/wp-json\/wp\/v2\/posts\/24641","targetHints":{"allow":["GET"]}}],"collection":[{"href":"https:\/\/christusnews.de\/site\/wp-json\/wp\/v2\/posts"}],"about":[{"href":"https:\/\/christusnews.de\/site\/wp-json\/wp\/v2\/types\/post"}],"author":[{"embeddable":true,"href":"https:\/\/christusnews.de\/site\/wp-json\/wp\/v2\/users\/7"}],"replies":[{"embeddable":true,"href":"https:\/\/christusnews.de\/site\/wp-json\/wp\/v2\/comments?post=24641"}],"version-history":[{"count":1,"href":"https:\/\/christusnews.de\/site\/wp-json\/wp\/v2\/posts\/24641\/revisions"}],"predecessor-version":[{"id":24642,"href":"https:\/\/christusnews.de\/site\/wp-json\/wp\/v2\/posts\/24641\/revisions\/24642"}],"wp:attachment":[{"href":"https:\/\/christusnews.de\/site\/wp-json\/wp\/v2\/media?parent=24641"}],"wp:term":[{"taxonomy":"category","embeddable":true,"href":"https:\/\/christusnews.de\/site\/wp-json\/wp\/v2\/categories?post=24641"},{"taxonomy":"post_tag","embeddable":true,"href":"https:\/\/christusnews.de\/site\/wp-json\/wp\/v2\/tags?post=24641"}],"curies":[{"name":"wp","href":"https:\/\/api.w.org\/{rel}","templated":true}]}}